{"id":2026,"date":"2018-06-05T13:32:00","date_gmt":"2018-06-05T12:32:00","guid":{"rendered":"http:\/\/pravoslavbrno.cz\/?p=2026"},"modified":"2018-06-06T03:57:29","modified_gmt":"2018-06-06T02:57:29","slug":"ukazka-z-knihy-o-zivote-a-skutcich-starce-paisije","status":"publish","type":"post","link":"http:\/\/pravoslavnebrno.cz\/en\/ukazka-z-knihy-o-zivote-a-skutcich-starce-paisije\/","title":{"rendered":"Uk\u00e1zka z knihy o \u017eivot\u011b a skutc\u00edch starce Paisije"},"content":{"rendered":"<h2 style=\"text-align: center;\"><strong>Starec Paisij Svatohorec na Sinaji<\/strong><\/h2>\n<p style=\"text-align: center;\"><a href=\"http:\/\/pravoslavbrno.cz\/wp-content\/uploads\/2018\/06\/34344500_764695587251909_5549468818721472512_n.jpg\"><img loading=\"lazy\" decoding=\"async\" class=\"alignnone wp-image-2027\" src=\"http:\/\/pravoslavbrno.cz\/wp-content\/uploads\/2018\/06\/34344500_764695587251909_5549468818721472512_n-200x300.jpg\" alt=\"\" width=\"445\" height=\"668\" srcset=\"http:\/\/pravoslavnebrno.cz\/wp-content\/uploads\/2018\/06\/34344500_764695587251909_5549468818721472512_n-200x300.jpg 200w, http:\/\/pravoslavnebrno.cz\/wp-content\/uploads\/2018\/06\/34344500_764695587251909_5549468818721472512_n.jpg 640w\" sizes=\"auto, (max-width: 445px) 100vw, 445px\" \/><\/a><\/p>\n<p>(&#8230;) Ve Stomiu pro\u017eil n\u011bkolik po\u017eehnan\u00fdch let, konkr\u00e9tn\u011b a\u017e do roku 1962, a jeho zdej\u0161\u00ed pobyt byl napln\u011bn energickou prac\u00ed spojenou s obnoven\u00edm mni\u0161sk\u00e9ho \u017eivota a zveleben\u00edm monast\u00fdru, ale rovn\u011b\u017e praktickou snahou p\u0159iv\u00e9st n\u011bkolik po\u010detn\u00fdch rodin z Konitsy, opustiv\u0161\u00edch pravoslav\u00ed a p\u0159ijav\u0161\u00edch r\u016fzn\u00e1 evangelick\u00e1 vyzn\u00e1n\u00ed, zase zp\u011bt k tradi\u010dn\u00ed pravoslavn\u00e9 v\u00ed\u0159e sv\u00fdch p\u0159edk\u016f. V tomto sv\u00e9m p\u0159edsevzet\u00ed starec Paisij nakonec s Bo\u017e\u00ed pomoc\u00ed usp\u011bl. Jeliko\u017e v\u0161ak jako mnich tou\u017eil po je\u0161t\u011b v\u011bt\u0161\u00ed samot\u011b a hesychii, starec proto sna\u017en\u011b prosil P\u0159esv. Bohorodici, aby jej p\u0159ivedla do m\u00edsta, kde by mohl uskute\u010d\u0148ovat sv\u016fj duchovn\u00ed z\u00e1pas neru\u0161en\u011b.<!--more--><\/p>\n<p>V roce 1962 se tak starec Paisij ocitl na Ho\u0159e Sinaj v Egypt\u011b. P\u0159esto\u017ee jeho p\u016fvodn\u00edm z\u00e1m\u011brem byl odchod do \u201epustiny\u201c a \u201eusebran\u00e1 modlitba\u201c, starec Paisij nav\u017edy z\u016fstane v \u017eiv\u00e9 pam\u011bti rovn\u011b\u017e jako velk\u00fd dobrodinec m\u00edstn\u00edch bedu\u00edn\u016f, jako jejich milovan\u00fd <em>Abbuna Paizi <\/em>(\u010dili otec Paisij), kter\u00fd jim dle sv\u00fdch sil pom\u00e1hal a \u010dinil mnoh\u00e9 skutky milosrdenstv\u00ed, krom\u011b jin\u00e9ho t\u00e9\u017e prost\u0159ednictv\u00edm v\u00fdroby vlastn\u00edch upom\u00ednkov\u00fdch p\u0159edm\u011bt\u016f, je\u017e jako zru\u010dn\u00fd \u0159ezb\u00e1\u0159 zhotovil. B\u011bhem sv\u00e9ho p\u0159eb\u00fdv\u00e1n\u00ed na Sinaji starec z\u00edskal cenn\u00e9 duchovn\u00ed zku\u0161enosti, naplniv\u0161e tak sv\u00e9 nitro skrze <em>neviditeln\u00fd z\u00e1pas <\/em>Bo\u017e\u00ed blahodat\u00ed. Zdravotn\u00ed d\u016fvody v\u0161ak starci nedovolily z\u016fstat d\u00e9le, a po necel\u00fdch dvou letech, i s ohledem na t\u00ed\u017eiv\u00e9 probl\u00e9my s astmatem, se nakonec starec Paisij odebral zp\u011bt do \u0158ecka.<\/p>\n<p>Po sv\u00e9m n\u00e1vratu ze Sinaje roku 1964 sm\u011b\u0159ovaly starcovy kroky op\u011bt do Zahrady P\u0159esv. Bohorodice, jak Svatohorci naz\u00fdvaj\u00ed Horu Athos. Zde p\u011bstoval jako dobr\u00fd zahradn\u00edk sladk\u00e9 plody ctnost\u00ed a svou tvrdou a od\u0159\u00edkavou askez\u00ed p\u0159ekon\u00e1val z\u00e1kony p\u0159irozenosti, nebo\u0165 svoji du\u0161i obohacoval nektarem Ducha Svat\u00e9ho a postupn\u011b tak z\u00edsk\u00e1val mezi v\u011b\u0159\u00edc\u00edmi v\u011bhlas \u201educhonosn\u00e9ho\u201c starce, a\u010dkoli s\u00e1m p\u0159ed pozornost\u00ed a poctami v\u017edy sp\u00ed\u0161e ut\u00edkal. Na Svat\u00e9 Ho\u0159e pro\u017eil starec je\u0161t\u011b dlouh\u00e9 roky jako prost\u00fd mnich a eremita \u010dili poustevn\u00edk, ne\u017e jej pozd\u011bji Hospodin zjevil lidem jako <em>n\u00e1dobu vyvolenou <\/em>a ne\u017e se k n\u011bmu za\u010daly ut\u00edkat z\u00e1stupy mlad\u00fdch i star\u00fdch, vzd\u011blan\u00fdch i prost\u00fdch v\u011b\u0159\u00edc\u00edch, jim\u017e dok\u00e1zal radit jako zku\u0161en\u00fd l\u00e9ka\u0159-duchovn\u00edk a na jeho\u017e p\u0159\u00edmluvy lid\u00e9 za\u010d\u00ednali obnovovat sv\u016fj praktick\u00fd k\u0159es\u0165ansk\u00fd \u017eivot&#8230;<\/p>\n<p><strong>Zdroj:<\/strong><\/p>\n<p>Dvo\u0159\u00e1\u010dek, M. <em>Bohonosn\u00fd starec Paisij Svatohorec, vzor opravdov\u00e9ho mnicha a k\u0159es\u0165ana<\/em> (P\u0159i p\u0159\u00edle\u017eitosti 90. v\u00fdro\u010d\u00ed jeho narozen\u00eda 20. v\u00fdro\u010d\u00ed jeho zesnut\u00ed). Pravoslavn\u00e1 c\u00edrkevn\u00ed obec v\u00a0Brn\u011b, 2014, 28 s.<\/p>\n<p><strong>Ulo\u017eeno:<\/strong><\/p>\n<p><a href=\"http:\/\/pravoslavbrno.cz\/wp-content\/uploads\/2018\/02\/Bohonosn\u00fd-starec-Paisij-Svatohorec.pdf\">http:\/\/pravoslavbrno.cz\/wp-content\/uploads\/2018\/02\/Bohonosn\u00fd-starec-Paisij-Svatohorec.pdf<\/a><\/p>\n<p><strong>Fotografie:<\/strong><\/p>\n<p><em>Starec Paisij b\u011bhem sv\u00e9ho kr\u00e1tk\u00e9ho pobytu na Sinaji p\u0159i pr\u00e1ci v\u00a0d\u00edln\u011b s\u00a0bedu\u00edny a s\u00e1m na m\u00edstech sv\u00e9ho duchovn\u00edho z\u00e1pasu<\/em><\/p>\n<p><a href=\"http:\/\/pravoslavbrno.cz\/wp-content\/uploads\/2018\/06\/Paisios-monachos-Agioreitis11.jpeg\"><img loading=\"lazy\" decoding=\"async\" class=\" wp-image-2011 aligncenter\" src=\"http:\/\/pravoslavbrno.cz\/wp-content\/uploads\/2018\/06\/Paisios-monachos-Agioreitis11-207x300.jpeg\" alt=\"\" width=\"486\" height=\"705\" \/><\/a><a href=\"http:\/\/pravoslavbrno.cz\/wp-content\/uploads\/2018\/06\/Paisios-monachos-Agioreitis8.jpeg\"><img loading=\"lazy\" decoding=\"async\" class=\" wp-image-2013 aligncenter\" src=\"http:\/\/pravoslavbrno.cz\/wp-content\/uploads\/2018\/06\/Paisios-monachos-Agioreitis8-212x300.jpeg\" alt=\"\" width=\"495\" height=\"701\" srcset=\"http:\/\/pravoslavnebrno.cz\/wp-content\/uploads\/2018\/06\/Paisios-monachos-Agioreitis8-212x300.jpeg 212w, http:\/\/pravoslavnebrno.cz\/wp-content\/uploads\/2018\/06\/Paisios-monachos-Agioreitis8.jpeg 581w\" sizes=\"auto, (max-width: 495px) 100vw, 495px\" \/><\/a><a href=\"http:\/\/pravoslavbrno.cz\/wp-content\/uploads\/2018\/06\/Paisios-monachos-Agioreitis10.jpeg\"><img loading=\"lazy\" decoding=\"async\" class=\"wp-image-2014 aligncenter\" src=\"http:\/\/pravoslavbrno.cz\/wp-content\/uploads\/2018\/06\/Paisios-monachos-Agioreitis10-251x300.jpeg\" alt=\"\" width=\"506\" height=\"604\" srcset=\"http:\/\/pravoslavnebrno.cz\/wp-content\/uploads\/2018\/06\/Paisios-monachos-Agioreitis10-251x300.jpeg 251w, http:\/\/pravoslavnebrno.cz\/wp-content\/uploads\/2018\/06\/Paisios-monachos-Agioreitis10.jpeg 595w\" sizes=\"auto, (max-width: 506px) 100vw, 506px\" \/><\/a><\/p>\n","protected":false},"excerpt":{"rendered":"<p>Starec Paisij Svatohorec na Sinaji (&#8230;) Ve Stomiu pro\u017eil n\u011bkolik po\u017eehnan\u00fdch let, konkr\u00e9tn\u011b a\u017e do roku 1962, a jeho zdej\u0161\u00ed pobyt byl napln\u011bn energickou prac\u00ed spojenou s obnoven\u00edm mni\u0161sk\u00e9ho \u017eivota a zveleben\u00edm monast\u00fdru, ale rovn\u011b\u017e praktickou snahou p\u0159iv\u00e9st n\u011bkolik po\u010detn\u00fdch rodin z Konitsy, opustiv\u0161\u00edch pravoslav\u00ed a p\u0159ijav\u0161\u00edch r\u016fzn\u00e1 evangelick\u00e1 vyzn\u00e1n\u00ed, zase zp\u011bt k tradi\u010dn\u00ed pravoslavn\u00e9&#8230;<\/p>\n","protected":false},"author":3,"featured_media":0,"comment_status":"open","ping_status":"open","sticky":false,"template":"","format":"standard","meta":{"jetpack_post_was_ever_published":false,"_jetpack_newsletter_access":"","_jetpack_dont_email_post_to_subs":false,"_jetpack_newsletter_tier_id":0,"_jetpack_memberships_contains_paywalled_content":false,"_jetpack_memberships_contains_paid_content":false,"footnotes":"","jetpack_publicize_message":"","jetpack_publicize_feature_enabled":true,"jetpack_social_post_already_shared":true,"jetpack_social_options":{"image_generator_settings":{"template":"highway","default_image_id":0,"font":"","enabled":false},"version":2}},"categories":[12,17],"tags":[],"class_list":["post-2026","post","type-post","status-publish","format-standard","hentry","category-pravoslavi","category-zivoty-svatych"],"jetpack_publicize_connections":[],"jetpack_featured_media_url":"","jetpack_sharing_enabled":true,"jetpack_shortlink":"https:\/\/wp.me\/p9GyX2-wG","jetpack-related-posts":[],"_links":{"self":[{"href":"http:\/\/pravoslavnebrno.cz\/en\/wp-json\/wp\/v2\/posts\/2026","targetHints":{"allow":["GET"]}}],"collection":[{"href":"http:\/\/pravoslavnebrno.cz\/en\/wp-json\/wp\/v2\/posts"}],"about":[{"href":"http:\/\/pravoslavnebrno.cz\/en\/wp-json\/wp\/v2\/types\/post"}],"author":[{"embeddable":true,"href":"http:\/\/pravoslavnebrno.cz\/en\/wp-json\/wp\/v2\/users\/3"}],"replies":[{"embeddable":true,"href":"http:\/\/pravoslavnebrno.cz\/en\/wp-json\/wp\/v2\/comments?post=2026"}],"version-history":[{"count":3,"href":"http:\/\/pravoslavnebrno.cz\/en\/wp-json\/wp\/v2\/posts\/2026\/revisions"}],"predecessor-version":[{"id":2030,"href":"http:\/\/pravoslavnebrno.cz\/en\/wp-json\/wp\/v2\/posts\/2026\/revisions\/2030"}],"wp:attachment":[{"href":"http:\/\/pravoslavnebrno.cz\/en\/wp-json\/wp\/v2\/media?parent=2026"}],"wp:term":[{"taxonomy":"category","embeddable":true,"href":"http:\/\/pravoslavnebrno.cz\/en\/wp-json\/wp\/v2\/categories?post=2026"},{"taxonomy":"post_tag","embeddable":true,"href":"http:\/\/pravoslavnebrno.cz\/en\/wp-json\/wp\/v2\/tags?post=2026"}],"curies":[{"name":"wp","href":"https:\/\/api.w.org\/{rel}","templated":true}]}}