{"id":1987,"date":"2018-06-04T04:48:42","date_gmt":"2018-06-04T03:48:42","guid":{"rendered":"http:\/\/pravoslavbrno.cz\/?p=1987"},"modified":"2018-06-04T04:54:16","modified_gmt":"2018-06-04T03:54:16","slug":"vzacna-navsteva-archijereje-z-konstantinopolskeho-patriarchatu-v-brne","status":"publish","type":"post","link":"http:\/\/pravoslavnebrno.cz\/en\/vzacna-navsteva-archijereje-z-konstantinopolskeho-patriarchatu-v-brne\/","title":{"rendered":"Vz\u00e1cn\u00e1 n\u00e1v\u0161t\u011bva archijereje z Konstantinopolsk\u00e9ho patriarch\u00e1tu v Brn\u011b"},"content":{"rendered":"<p><strong>Na\u0161i farnost kr\u00e1tce\u00a0nav\u0161t\u00edvil vladyka Job, arcibiskup Telmessosk\u00fd<\/strong><\/p>\n<p style=\"text-align: center;\"><a href=\"http:\/\/pravoslavbrno.cz\/wp-content\/uploads\/2018\/06\/34396841_1729032570507646_8452758559245991936_o.jpg\"><img loading=\"lazy\" decoding=\"async\" class=\"alignnone wp-image-1988\" src=\"http:\/\/pravoslavbrno.cz\/wp-content\/uploads\/2018\/06\/34396841_1729032570507646_8452758559245991936_o-300x169.jpg\" alt=\"\" width=\"577\" height=\"325\" srcset=\"http:\/\/pravoslavnebrno.cz\/wp-content\/uploads\/2018\/06\/34396841_1729032570507646_8452758559245991936_o-300x169.jpg 300w, http:\/\/pravoslavnebrno.cz\/wp-content\/uploads\/2018\/06\/34396841_1729032570507646_8452758559245991936_o-768x432.jpg 768w, http:\/\/pravoslavnebrno.cz\/wp-content\/uploads\/2018\/06\/34396841_1729032570507646_8452758559245991936_o-700x394.jpg 700w, http:\/\/pravoslavnebrno.cz\/wp-content\/uploads\/2018\/06\/34396841_1729032570507646_8452758559245991936_o-800x450.jpg 800w, http:\/\/pravoslavnebrno.cz\/wp-content\/uploads\/2018\/06\/34396841_1729032570507646_8452758559245991936_o.jpg 2040w\" sizes=\"auto, (max-width: 577px) 100vw, 577px\" \/><\/a><\/p>\n<p>V sobotu 2. \u010dervna 2018 nav\u0161t\u00edvil n\u00e1\u0161 chr\u00e1m archijerej Konstantinopolsk\u00e9ho patriarch\u00e1tu, Jeho Vysokop\u0159eosv\u00edcenost Job (Getcha), arcibiskup Telmessosk\u00fd. Doprov\u00e1zel ho Jeho P\u0159eosv\u00edcenost Izai\u00e1\u0161, vik\u00e1rn\u00ed biskup \u0161umpersk\u00fd.<\/p>\n<p>Oba vladykov\u00e9 kr\u00e1tce p\u0159edt\u00edm spole\u010dn\u011b nav\u0161t\u00edvili tradi\u010dn\u00ed akci \u201e\u0158eck\u00e1 sobota na hrad\u011b Veve\u0159\u00ed\u201c, kter\u00e1 pat\u0159\u00ed v\u016fbec k nejv\u011bt\u0161\u00edm akc\u00edm podobn\u00e9ho druhu v na\u0161\u00ed zemi. Organiz\u00e1to\u0159i <em>\u0158eck\u00e9 soboty<\/em> cht\u011bj\u00ed d\u00edky t\u00e9to akci, na n\u00ed\u017e se pod\u00edlej\u00ed svou prezentac\u00ed organizace a instituce zab\u00fdvaj\u00edc\u00ed se \u0158eckem a \u0159eckou kulturou, zprost\u0159edkovat\u00a0ve\u0159ejnosti zejm\u00e9na kulturn\u00ed tradice a historick\u00e9 vazby Moravy na \u0158ecko.<\/p>\n<p>K p\u0159\u00edtomn\u00fdm n\u00e1v\u0161t\u011bvn\u00edk\u016fm \u0158eck\u00e9 soboty promluvil arcibiskup Job p\u0159\u00edmo v \u0159e\u010dtin\u011b, kterou se nau\u010dil p\u0159i sv\u00fdch studi\u00edch teologie\u00a0v \u0158ecku. Jeho vz\u00e1cnou n\u00e1v\u0161t\u011bvu uvedl otec Jozef Fejsak, duchovn\u00ed spr\u00e1vce brn\u011bnsk\u00e9 farnosti, a za organiz\u00e1tory Aristid Franc, kter\u00fd tuto akci moderoval.<!--more--><\/p>\n<p style=\"text-align: center;\"><a href=\"http:\/\/pravoslavbrno.cz\/wp-content\/uploads\/2018\/06\/viber-image.jpg\"><img loading=\"lazy\" decoding=\"async\" class=\"alignnone wp-image-1989\" src=\"http:\/\/pravoslavbrno.cz\/wp-content\/uploads\/2018\/06\/viber-image-300x225.jpg\" alt=\"\" width=\"564\" height=\"423\" srcset=\"http:\/\/pravoslavnebrno.cz\/wp-content\/uploads\/2018\/06\/viber-image-300x225.jpg 300w, http:\/\/pravoslavnebrno.cz\/wp-content\/uploads\/2018\/06\/viber-image-768x576.jpg 768w, http:\/\/pravoslavnebrno.cz\/wp-content\/uploads\/2018\/06\/viber-image-700x525.jpg 700w, http:\/\/pravoslavnebrno.cz\/wp-content\/uploads\/2018\/06\/viber-image-800x600.jpg 800w, http:\/\/pravoslavnebrno.cz\/wp-content\/uploads\/2018\/06\/viber-image-80x60.jpg 80w, http:\/\/pravoslavnebrno.cz\/wp-content\/uploads\/2018\/06\/viber-image.jpg 1280w\" sizes=\"auto, (max-width: 564px) 100vw, 564px\" \/><\/a><\/p>\n<p>Publikov\u00e1no rovn\u011b\u017e na FB PCO v Brn\u011b<\/p>\n<p><a href=\"https:\/\/www.facebook.com\/SvatyVaclavBrno\/photos\/pcb.1729036357173934\/1729032563840980\/?type=3&#038;theater\">https:\/\/www.facebook.com\/SvatyVaclavBrno\/photos\/pcb.1729036357173934\/1729032563840980\/?type=3&#038;theater<\/a><\/p>\n","protected":false},"excerpt":{"rendered":"<p>Na\u0161i farnost kr\u00e1tce\u00a0nav\u0161t\u00edvil vladyka Job, arcibiskup Telmessosk\u00fd V sobotu 2. \u010dervna 2018 nav\u0161t\u00edvil n\u00e1\u0161 chr\u00e1m archijerej Konstantinopolsk\u00e9ho patriarch\u00e1tu, Jeho Vysokop\u0159eosv\u00edcenost Job (Getcha), arcibiskup Telmessosk\u00fd. Doprov\u00e1zel ho Jeho P\u0159eosv\u00edcenost Izai\u00e1\u0161, vik\u00e1rn\u00ed biskup \u0161umpersk\u00fd. Oba vladykov\u00e9 kr\u00e1tce p\u0159edt\u00edm spole\u010dn\u011b nav\u0161t\u00edvili tradi\u010dn\u00ed akci \u201e\u0158eck\u00e1 sobota na hrad\u011b Veve\u0159\u00ed\u201c, kter\u00e1 pat\u0159\u00ed v\u016fbec k nejv\u011bt\u0161\u00edm akc\u00edm podobn\u00e9ho druhu v na\u0161\u00ed&#8230;<\/p>\n","protected":false},"author":3,"featured_media":0,"comment_status":"open","ping_status":"open","sticky":false,"template":"","format":"standard","meta":{"jetpack_post_was_ever_published":false,"_jetpack_newsletter_access":"","_jetpack_dont_email_post_to_subs":false,"_jetpack_newsletter_tier_id":0,"_jetpack_memberships_contains_paywalled_content":false,"_jetpack_memberships_contains_paid_content":false,"footnotes":"","jetpack_publicize_message":"","jetpack_publicize_feature_enabled":true,"jetpack_social_post_already_shared":true,"jetpack_social_options":{"image_generator_settings":{"template":"highway","default_image_id":0,"font":"","enabled":false},"version":2}},"categories":[5,12],"tags":[],"class_list":["post-1987","post","type-post","status-publish","format-standard","hentry","category-aktuality","category-pravoslavi"],"jetpack_publicize_connections":[],"jetpack_featured_media_url":"","jetpack_sharing_enabled":true,"jetpack_shortlink":"https:\/\/wp.me\/p9GyX2-w3","jetpack-related-posts":[],"_links":{"self":[{"href":"http:\/\/pravoslavnebrno.cz\/en\/wp-json\/wp\/v2\/posts\/1987","targetHints":{"allow":["GET"]}}],"collection":[{"href":"http:\/\/pravoslavnebrno.cz\/en\/wp-json\/wp\/v2\/posts"}],"about":[{"href":"http:\/\/pravoslavnebrno.cz\/en\/wp-json\/wp\/v2\/types\/post"}],"author":[{"embeddable":true,"href":"http:\/\/pravoslavnebrno.cz\/en\/wp-json\/wp\/v2\/users\/3"}],"replies":[{"embeddable":true,"href":"http:\/\/pravoslavnebrno.cz\/en\/wp-json\/wp\/v2\/comments?post=1987"}],"version-history":[{"count":4,"href":"http:\/\/pravoslavnebrno.cz\/en\/wp-json\/wp\/v2\/posts\/1987\/revisions"}],"predecessor-version":[{"id":1993,"href":"http:\/\/pravoslavnebrno.cz\/en\/wp-json\/wp\/v2\/posts\/1987\/revisions\/1993"}],"wp:attachment":[{"href":"http:\/\/pravoslavnebrno.cz\/en\/wp-json\/wp\/v2\/media?parent=1987"}],"wp:term":[{"taxonomy":"category","embeddable":true,"href":"http:\/\/pravoslavnebrno.cz\/en\/wp-json\/wp\/v2\/categories?post=1987"},{"taxonomy":"post_tag","embeddable":true,"href":"http:\/\/pravoslavnebrno.cz\/en\/wp-json\/wp\/v2\/tags?post=1987"}],"curies":[{"name":"wp","href":"https:\/\/api.w.org\/{rel}","templated":true}]}}