{"id":1900,"date":"2018-05-28T01:33:32","date_gmt":"2018-05-28T00:33:32","guid":{"rendered":"http:\/\/pravoslavbrno.cz\/?p=1900"},"modified":"2018-05-27T06:43:10","modified_gmt":"2018-05-27T05:43:10","slug":"nekolik-myslenek-o-svatem-pravoslavi","status":"publish","type":"post","link":"http:\/\/pravoslavnebrno.cz\/en\/nekolik-myslenek-o-svatem-pravoslavi\/","title":{"rendered":"N\u011bkolik my\u0161lenek o svat\u00e9m Pravoslav\u00ed"},"content":{"rendered":"<h3 style=\"text-align: center;\"><strong>Podle u\u010den\u00ed starce Efrema Filothejsk\u00e9ho-Arizonsk\u00e9ho<\/strong><\/h3>\n<p style=\"text-align: center;\"><a href=\"http:\/\/pravoslavbrno.cz\/wp-content\/uploads\/2018\/05\/\u03b3\u03b5\u03c1\u03bf\u03bd\u03c4\u03b120\u03b5\u03c6\u03c1\u03b1\u03b9\u03bc205.jpg\"><img loading=\"lazy\" decoding=\"async\" class=\"alignnone wp-image-1903\" src=\"http:\/\/pravoslavbrno.cz\/wp-content\/uploads\/2018\/05\/\u03b3\u03b5\u03c1\u03bf\u03bd\u03c4\u03b120\u03b5\u03c6\u03c1\u03b1\u03b9\u03bc205-300x300.jpg\" alt=\"\" width=\"491\" height=\"491\" srcset=\"http:\/\/pravoslavnebrno.cz\/wp-content\/uploads\/2018\/05\/\u03b3\u03b5\u03c1\u03bf\u03bd\u03c4\u03b120\u03b5\u03c6\u03c1\u03b1\u03b9\u03bc205-300x300.jpg 300w, http:\/\/pravoslavnebrno.cz\/wp-content\/uploads\/2018\/05\/\u03b3\u03b5\u03c1\u03bf\u03bd\u03c4\u03b120\u03b5\u03c6\u03c1\u03b1\u03b9\u03bc205-150x150.jpg 150w, http:\/\/pravoslavnebrno.cz\/wp-content\/uploads\/2018\/05\/\u03b3\u03b5\u03c1\u03bf\u03bd\u03c4\u03b120\u03b5\u03c6\u03c1\u03b1\u03b9\u03bc205-768x768.jpg 768w, http:\/\/pravoslavnebrno.cz\/wp-content\/uploads\/2018\/05\/\u03b3\u03b5\u03c1\u03bf\u03bd\u03c4\u03b120\u03b5\u03c6\u03c1\u03b1\u03b9\u03bc205-700x700.jpg 700w, http:\/\/pravoslavnebrno.cz\/wp-content\/uploads\/2018\/05\/\u03b3\u03b5\u03c1\u03bf\u03bd\u03c4\u03b120\u03b5\u03c6\u03c1\u03b1\u03b9\u03bc205-800x800.jpg 800w, http:\/\/pravoslavnebrno.cz\/wp-content\/uploads\/2018\/05\/\u03b3\u03b5\u03c1\u03bf\u03bd\u03c4\u03b120\u03b5\u03c6\u03c1\u03b1\u03b9\u03bc205.jpg 960w\" sizes=\"auto, (max-width: 491px) 100vw, 491px\" \/><\/a><\/p>\n<p>Na\u0161e svat\u00e9 Pravoslav\u00ed mus\u00edme zachov\u00e1vat se v\u0161\u00ed duchovn\u00ed p\u0159\u00edsnost\u00ed, aby blahoda\u0165 Ducha Svat\u00e9ho z\u016fst\u00e1vala st\u00e1le v\u00a0n\u00e1s. Nenechme se sv\u00e1d\u011bt jin\u00fdmi v\u011broukami ani se nedejme zm\u00e1st r\u016fzn\u00fdmi lidsk\u00fdmi v\u011bci, kter\u00e9 se kolem n\u00e1s\u00a0d\u011bj\u00ed a kter\u00e9 n\u00e1s zarmucuj\u00ed.<\/p>\n<p>Pravoslavn\u00e1 c\u00edrkev je asketick\u00e1, je p\u0159ekr\u00e1sn\u00e1, m\u00e1 ve\u0161kerou a plnou ozdobu Bo\u017e\u00ed blahodati. Pravoslavn\u00e1 c\u00edrkev m\u00e1 rovn\u011b\u017e pokoru a pok\u00e1n\u00ed. Pokud se nestaneme pokorn\u00fdmi, nem\u016f\u017eeme proj\u00edt \u201e\u00fazkou branou\u201c ani nem\u016f\u017eeme kr\u00e1\u010det po \u201e\u00fazk\u00e9 cest\u011b\u201c. Nebo\u0165 skrze \u00fazkou br\u00e1nu mohou vej\u00edt a po \u00fazk\u00e9 cest\u011b mohou kr\u00e1\u010det pouze ti, kte\u0159\u00ed p\u0159ijali pok\u00e1n\u00ed a pokoru Je\u017e\u00ed\u0161e Krista. A tak pouze skrze pokoru a pok\u00e1n\u00ed jsme bezpe\u010dn\u011b vedeni ke vstupu do Nebesk\u00e9ho kr\u00e1lovstv\u00ed.<!--more--><\/p>\n<p>Bu\u010fme v\u00a0na\u0161em \u017eivot\u011b pozorn\u00ed, dbejme na to, abychom \u017eili pravoslavn\u011b. Zachov\u00e1vejme ale nikoli pouze pravoslavnou v\u00edru, n\u00fdbr\u017e tak\u00e9 pravoslavn\u00fd \u017eivot. Jestli\u017ee n\u00e1\u0161 \u017eivot bude v\u017edy opatrn\u00fd, v\u017edy zam\u011b\u0159en\u00fd na pln\u011bn\u00ed Bo\u017e\u00edch p\u0159ik\u00e1z\u00e1n\u00ed, budeme moci v\u00a0nitru poc\u00edtit du\u0161evn\u00ed uleh\u010den\u00ed, nebo\u0165 n\u00e1s tento n\u00e1\u0161 \u017eivot nebude nikdy znepokojovat.<\/p>\n<p style=\"text-align: center;\"><a href=\"http:\/\/pravoslavbrno.cz\/wp-content\/uploads\/2018\/05\/b31aa258b7cbb270427d1751312861a6.jpg\"><img loading=\"lazy\" decoding=\"async\" class=\"alignnone wp-image-1904\" src=\"http:\/\/pravoslavbrno.cz\/wp-content\/uploads\/2018\/05\/b31aa258b7cbb270427d1751312861a6-227x300.jpg\" alt=\"\" width=\"418\" height=\"552\" srcset=\"http:\/\/pravoslavnebrno.cz\/wp-content\/uploads\/2018\/05\/b31aa258b7cbb270427d1751312861a6-227x300.jpg 227w, http:\/\/pravoslavnebrno.cz\/wp-content\/uploads\/2018\/05\/b31aa258b7cbb270427d1751312861a6.jpg 485w\" sizes=\"auto, (max-width: 418px) 100vw, 418px\" \/><\/a><\/p>\n<p style=\"text-align: left;\">Na\u0161e pravoslavn\u00e1 v\u00edra je jedin\u00e9 n\u00e1bo\u017eenstv\u00ed, kter\u00e9 ve v\u0161em sv\u00e9m rozp\u011bt\u00ed, ve v\u0161\u00ed sv\u00e9 v\u00fd\u0161ce, hloubce a \u0161\u00ed\u0159ce vyjad\u0159uje Pravdu. O v\u0161em n\u00e1m pod\u00e1v\u00e1 spr\u00e1vnou informaci prost\u0159ednictv\u00edm pravdy C\u00edrkve. Z\u016fsta\u0148me proto v\u011brn\u00fdmi d\u011btmi Pravoslavn\u00e9 c\u00edrkve,\u00a0C\u00edrkve mu\u010dedn\u00edk\u016f. Sv\u011bdectv\u00ed a vyznava\u010dstv\u00ed o Kristu bude pokra\u010dovat prost\u0159ednictv\u00edm Jeho vyznava\u010d\u016f a\u017e do posledn\u00edch dn\u00ed,\u00a0do p\u0159\u00edchodu Antikrista. Zamilujme si proto na\u0161e svat\u00e9 Pravoslav\u00ed a z\u016fsta\u0148me v\u011brn\u00fdmi d\u011btmi svat\u00e9 C\u00edrkve Kristovy a\u017e do sv\u00e9 smrti, abychom se p\u0159ipodobnili na\u0161emu Spasiteli Kristu.<\/p>\n<p style=\"text-align: left;\">Abychom nad\u00e1le zachovali pravou v\u00edru, v\u00edru pravdivou, sk\u00e1lopevnou a nepohnutelnou, mus\u00edme tak\u00e9 touto v\u00edrou pravoslavn\u011b \u017e\u00edt.<\/p>\n<p>\u0395\u03a6\u03a1\u0391\u0399\u039c, \u03b3\u03ad\u03c1\u03bf\u03bd\u03c4\u03b1\u03c2: <em>\u0394\u03bf\u03ba\u03b9\u03bc\u03b1\u03c3\u03bc\u03ad\u03bd\u03b5\u03c2<\/em> <em>\u03c0\u03bd\u03b5\u03c5\u03bc\u03b1\u03c4\u03b9\u03ba\u03ad\u03c2<\/em> <em>\u03bd\u03bf\u03c5\u03b8\u03b5\u03c3\u03af\u03b5\u03c2<\/em> <em>\u03c0\u03c1\u03bf\u03c2<\/em> <em>\u03b1\u03c0\u03cc\u03ba\u03c4\u03b7\u03c3\u03b7<\/em> <em>\u03c4\u03b7\u03c2<\/em> <em>\u03c8\u03c5\u03c7\u03b9\u03ba\u03ae\u03c2<\/em> <em>\u03c5\u03b3\u03b5\u03af\u03b1\u03c2<\/em> <em>\u03ba\u03b1\u03b9<\/em> <em>\u03c4\u03b7\u03c2<\/em> <em>\u03c3\u03c9\u03c4\u03b7\u03c1\u03af\u03b1\u03c2<\/em> <em>\u03bc\u03b1\u03c2<\/em>. \u201e\u039f\u03c1\u03b8\u03bf\u03b4\u03cc\u03be\u03bf\u03c5 \u03ba\u03c5\u03c8\u03ad\u03bb\u03b7\u03c2\u201c, \u0398\u03b5\u03b1\u03c3\u03c3\u03b1\u03bb\u03bf\u03bd\u03af\u03ba\u03b7 2001, s. 71-72.<\/p>\n<p style=\"text-align: right;\">MD<\/p>\n","protected":false},"excerpt":{"rendered":"<p>Podle u\u010den\u00ed starce Efrema Filothejsk\u00e9ho-Arizonsk\u00e9ho Na\u0161e svat\u00e9 Pravoslav\u00ed mus\u00edme zachov\u00e1vat se v\u0161\u00ed duchovn\u00ed p\u0159\u00edsnost\u00ed, aby blahoda\u0165 Ducha Svat\u00e9ho z\u016fst\u00e1vala st\u00e1le v\u00a0n\u00e1s. Nenechme se sv\u00e1d\u011bt jin\u00fdmi v\u011broukami ani se nedejme zm\u00e1st r\u016fzn\u00fdmi lidsk\u00fdmi v\u011bci, kter\u00e9 se kolem n\u00e1s\u00a0d\u011bj\u00ed a kter\u00e9 n\u00e1s zarmucuj\u00ed. Pravoslavn\u00e1 c\u00edrkev je asketick\u00e1, je p\u0159ekr\u00e1sn\u00e1, m\u00e1 ve\u0161kerou a plnou ozdobu Bo\u017e\u00ed blahodati. Pravoslavn\u00e1&#8230;<\/p>\n","protected":false},"author":3,"featured_media":0,"comment_status":"open","ping_status":"open","sticky":false,"template":"","format":"standard","meta":{"jetpack_post_was_ever_published":false,"_jetpack_newsletter_access":"","_jetpack_dont_email_post_to_subs":false,"_jetpack_newsletter_tier_id":0,"_jetpack_memberships_contains_paywalled_content":false,"_jetpack_memberships_contains_paid_content":false,"footnotes":"","jetpack_publicize_message":"","jetpack_publicize_feature_enabled":true,"jetpack_social_post_already_shared":true,"jetpack_social_options":{"image_generator_settings":{"template":"highway","default_image_id":0,"font":"","enabled":false},"version":2}},"categories":[10,12],"tags":[],"class_list":["post-1900","post","type-post","status-publish","format-standard","hentry","category-pouceni-z-pateriku","category-pravoslavi"],"jetpack_publicize_connections":[],"jetpack_featured_media_url":"","jetpack_sharing_enabled":true,"jetpack_shortlink":"https:\/\/wp.me\/p9GyX2-uE","jetpack-related-posts":[],"_links":{"self":[{"href":"http:\/\/pravoslavnebrno.cz\/en\/wp-json\/wp\/v2\/posts\/1900","targetHints":{"allow":["GET"]}}],"collection":[{"href":"http:\/\/pravoslavnebrno.cz\/en\/wp-json\/wp\/v2\/posts"}],"about":[{"href":"http:\/\/pravoslavnebrno.cz\/en\/wp-json\/wp\/v2\/types\/post"}],"author":[{"embeddable":true,"href":"http:\/\/pravoslavnebrno.cz\/en\/wp-json\/wp\/v2\/users\/3"}],"replies":[{"embeddable":true,"href":"http:\/\/pravoslavnebrno.cz\/en\/wp-json\/wp\/v2\/comments?post=1900"}],"version-history":[{"count":4,"href":"http:\/\/pravoslavnebrno.cz\/en\/wp-json\/wp\/v2\/posts\/1900\/revisions"}],"predecessor-version":[{"id":1905,"href":"http:\/\/pravoslavnebrno.cz\/en\/wp-json\/wp\/v2\/posts\/1900\/revisions\/1905"}],"wp:attachment":[{"href":"http:\/\/pravoslavnebrno.cz\/en\/wp-json\/wp\/v2\/media?parent=1900"}],"wp:term":[{"taxonomy":"category","embeddable":true,"href":"http:\/\/pravoslavnebrno.cz\/en\/wp-json\/wp\/v2\/categories?post=1900"},{"taxonomy":"post_tag","embeddable":true,"href":"http:\/\/pravoslavnebrno.cz\/en\/wp-json\/wp\/v2\/tags?post=1900"}],"curies":[{"name":"wp","href":"https:\/\/api.w.org\/{rel}","templated":true}]}}