{"id":178,"date":"2018-02-18T15:30:39","date_gmt":"2018-02-18T14:30:39","guid":{"rendered":"http:\/\/pravoslavbrno.cz\/?p=178"},"modified":"2018-02-18T15:30:39","modified_gmt":"2018-02-18T14:30:39","slug":"o-pustu","status":"publish","type":"post","link":"http:\/\/pravoslavnebrno.cz\/en\/o-pustu\/","title":{"rendered":"O p\u016fstu"},"content":{"rendered":"<p style=\"text-align: center;\"><strong><em>Ctihodn\u00fd Efrem Syrsk\u00fd<\/em><\/strong><\/p>\n<p><em>Hle, nyn\u00ed je \u010das p\u0159\u00edhodn\u00fd, nyn\u00ed je den sp\u00e1sy!<\/em> (2 Kor 6, 2). Nyn\u00ed nastal \u010das, v\u00a0n\u011bm\u017e jsou modlitby a prosby p\u0159ij\u00edm\u00e1ny.<\/p>\n<p>Kr\u00e1lovstv\u00ed Bo\u017e\u00ed se nyn\u00ed p\u0159ibl\u00ed\u017eilo ke ka\u017ed\u00e9mu, kdo slou\u017e\u00ed Bohu v\u00a0pravd\u011b, proto\u017ee nastaly dny \u010dist\u00e9ho p\u016fstu pro toho, kdo se opravdu post\u00ed v\u00a0\u010distot\u011b.<\/p>\n<p>A tak budeme, draz\u00ed, zachov\u00e1vat tento p\u016fst s\u00a0horlivost\u00ed a s \u010dist\u00fdm srdcem, nebo\u0165 je sladk\u00fdm a p\u0159\u00edjemn\u00fdm pro toho, kdo t\u011bmito dny proch\u00e1z\u00ed svat\u011b. Tento svat\u00fd p\u016fst vyu\u017eijeme k\u00a0z\u00e1pasu s \u010f\u00e1blem, proto\u017ee bez p\u016fstu a modlitby nem\u016f\u017ee nikdo porazit zl\u00e9ho. Tento p\u016fst vyu\u017eijeme, draz\u00ed, k tomu, abychom se modlili a vyprosili si milosrdenstv\u00ed u P\u0159eblah\u00e9ho a Milosrdn\u00e9ho (Hospodina), kter\u00fd neodm\u00edt\u00e1 \u017e\u00e1dn\u00e9ho pros\u00edc\u00edho. Tento p\u016fst, draz\u00ed, otev\u00edr\u00e1 dve\u0159e nebesk\u00e9, proto\u017ee n\u00e1s pozdvihuje ze zem\u011b a povzn\u00e1\u0161\u00ed do v\u00fd\u0161in.<\/p>\n<p>Z tohoto p\u016fstu se, draz\u00ed, raduj\u00ed And\u011bl\u00e9 a na\u0161i Ochr\u00e1nci, nebo\u0165 prost\u0159ednictv\u00edm p\u016fstu a modlitby se st\u00e1v\u00e1me jejich p\u0159\u00edbuzn\u00fdmi. Z tohoto p\u016fstu se raduje i Kristus, n\u00e1\u0161 P\u00e1n, jestli\u017ee se post\u00edme s\u00a0l\u00e1skou, s nad\u011bj\u00ed a s v\u00edrou.<\/p>\n<p>Z\u00a0tohoto p\u016fstu se raduj\u00ed svat\u00ed proroci, vesel\u00ed se z n\u011bj apo\u0161tolov\u00e9 a mu\u010dedn\u00edci, proto\u017ee oni v\u0161ichni p\u016fst takto, s\u00a0ne\u00fanavnou horlivost\u00ed, tak\u00e9 zachov\u00e1vali.<\/p>\n<p style=\"text-align: center;\"><a href=\"http:\/\/pravoslavbrno.cz\/wp-content\/uploads\/2018\/02\/Agios_Efraim_Syros.jpg\"><img loading=\"lazy\" decoding=\"async\" class=\"alignnone  wp-image-179\" src=\"http:\/\/pravoslavbrno.cz\/wp-content\/uploads\/2018\/02\/Agios_Efraim_Syros-300x220.jpg\" alt=\"\" width=\"447\" height=\"328\" srcset=\"http:\/\/pravoslavnebrno.cz\/wp-content\/uploads\/2018\/02\/Agios_Efraim_Syros-300x220.jpg 300w, http:\/\/pravoslavnebrno.cz\/wp-content\/uploads\/2018\/02\/Agios_Efraim_Syros-80x60.jpg 80w, http:\/\/pravoslavnebrno.cz\/wp-content\/uploads\/2018\/02\/Agios_Efraim_Syros.jpg 620w\" sizes=\"auto, (max-width: 447px) 100vw, 447px\" \/><\/a><\/p>\n<p>Tento p\u016fst, milovan\u00ed, dodr\u017eoval i pokorn\u00fd a m\u00edrn\u00fd Moj\u017e\u00ed\u0161, skrze n\u011bj \u010dinil divy a stal se d\u00edky n\u011bmu d\u016fstojn\u00fdm spat\u0159it Boha. Tento p\u016fst dodr\u017eoval i Eli\u00e1\u0161, a proto se stal hodn\u00fdm, aby byl povznesen je\u0161t\u011b za \u017eivota v ohniv\u00e9m voze na nebe. Tento p\u016fst zachov\u00e1val tak\u00e9 p\u0159elaskav\u00fd mlad\u00edk Daniel, a byl proto proslaven, kdy\u017e zav\u0159el \u00fasta lv\u016fm. V\u00a0tomto p\u016fstu z\u00e1pasili se svatou horlivost\u00ed tak\u00e9 t\u0159i ml\u00e1denci, kte\u0159\u00ed \u2013 jsouce uvrhnuti do pece \u2013 uhasili moc ohn\u011b.<\/p>\n<p>Tento p\u016fst dodr\u017eovali i svat\u00ed proroci, kte\u0159\u00ed z\u016fstali po \u010dty\u0159icet dn\u00ed bez chleba a vody. A apo\u0161tolov\u00e9, u\u010dedn\u00edci na\u0161eho P\u00e1na a \u0161i\u0159itele v\u00edry, zachov\u00e1vali tento svat\u00fd p\u016fst, t\u0159eba\u017ee chodili z\u00a0m\u00edsta na m\u00edsto. S\u00e1m n\u00e1\u0161 Spasitel dodr\u017eoval p\u016fst a nau\u010dil n\u00e1s, jak je t\u0159eba se postit, jak v\u00e9st boj se zl\u00fdm (nep\u0159\u00edtelem lidsk\u00e9ho pokolen\u00ed) a jak porazit satana.<\/p>\n<p>A tak milovan\u00ed, i my budeme zachov\u00e1vat a dodr\u017eovat tento p\u016fst stejn\u011b horliv\u011b, jak jsme byli nau\u010deni na\u0161\u00edm P\u00e1nem, abychom jednou z\u00edskali i \u00fa\u010dast v\u00a0Jeho Kr\u00e1lovstv\u00ed.<\/p>\n<p>Nech\u0165 zachov\u00e1vaj\u00ed tento svat\u00fd p\u016fst v\u00a0\u010distot\u011b, neporu\u0161en\u011b, svat\u011b a bez v\u0161elik\u00e9 skvrny p\u0159edev\u0161\u00edm kn\u011b\u017e\u00ed. Nech\u0165 ho zachov\u00e1vaj\u00ed di\u00e1koni, a sice p\u0159\u00edsn\u011bji ne\u017e ostatn\u00ed, a nech\u0165 slou\u017e\u00ed Bohu svat\u011b, bojuj\u00edce se zl\u00fdm. Nech\u0165 dodr\u017euj\u00ed tento p\u016fst i v\u0161ichni starci, obl\u00e9kaj\u00edce se do n\u00e1\u0159ku nad sv\u00fdmi d\u0159\u00edv\u011bj\u0161\u00edmi h\u0159\u00edchy a nez\u00e1konnostmi. Nech\u0165 zachov\u00e1vaj\u00ed tento svat\u00fd p\u016fst mu\u017eov\u00e9 spolu se sv\u00fdmi \u017eenami, chr\u00e1n\u00edce sebe v\u00a0\u010distot\u011b ode v\u0161eho klamu, kter\u00fd neust\u00e1le vym\u00fd\u0161l\u00ed onen podl\u00fd a zl\u00fd. A\u0165 zachov\u00e1vaj\u00ed tento p\u016fst i panny, aby a\u017e p\u0159ijde P\u00e1n ve sl\u00e1v\u011b, mohly vej\u00edt spolu s\u00a0N\u00edm na svatebn\u00ed hostinu. Nech\u0165 zachov\u00e1vaj\u00ed tento svat\u00fd p\u016fst i rodi\u010de a a\u0165 p\u0159itom vypro\u0161uj\u00ed pro sv\u00e9 d\u011bti Bo\u017e\u00ed milosrdenstv\u00ed. A mladost, draz\u00ed, nech\u0165 tak\u00e9 dodr\u017euje tento p\u016fst, nebo\u0165 je j\u00ed zapot\u0159eb\u00ed hrdinn\u011b z\u00e1pasit s\u00a0\u010f\u00e1blem, kter\u00fd je vrahem. Dokonce i d\u011bti, ti mlad\u0161\u00ed, ale i ti star\u0161\u00ed, nech\u0165 spole\u010dn\u011b zachov\u00e1vaj\u00ed tento svat\u00fd p\u016fst, n\u011bkte\u0159\u00ed do t\u0159et\u00ed a n\u011bkte\u0159\u00ed do \u0161est\u00e9 a do dev\u00e1t\u00e9 hodiny. Cel\u00e1 C\u00edrkev a v\u0161echna jej\u00ed d\u00edtka, v\u0161elik\u00e9ho postaven\u00ed a hodnosti, nech\u0165 se post\u00ed a s\u00a0v\u0159elou l\u00e1skou nech\u0165 \u017e\u00e1d\u00e1 a pros\u00ed Boha. Nech\u0165 se post\u00ed a modl\u00ed v\u00a0tomto \u010dase i bohat\u00ed a nech\u0165 v\u011bnuj\u00ed milodary sirotk\u016fm, chud\u00fdm a \u017eivo\u0159\u00edc\u00edm. Nech\u0165 se post\u00ed a modl\u00ed v\u00a0tomto svat\u00e9m p\u016fstu chud\u00ed, vzn\u00e1\u0161ej\u00edce prosby k na\u0161emu Spasiteli, aby upokojil jejich nouzi. A\u0165 se post\u00ed a modl\u00ed ke Kristu v\u00a0dob\u011b tohoto p\u016fstu sirotci a a\u0165 vz\u00fdvaj\u00ed\u00a0Boha, aby se jim stal Otcem a P\u00e1nem. Mnoho nech\u0165 se post\u00ed tak\u00e9 vdovy, pros\u00edce Krista, aby je m\u00edsto jejich man\u017eel\u016f \u017eivil a chr\u00e1nil v<!--more--><\/p>\n<p>S\u00a0pomoc\u00ed tohoto svat\u00e9ho p\u016fstu je \u010dlov\u011bk povzn\u00e1\u0161en do nebe a dosahuje R\u00e1je, jestli\u017ee se post\u00ed v\u00a0dokonal\u00e9 \u010distot\u011b. Skrze tento svat\u00fd p\u016fst \u010dlov\u011bk oslavuje Boha a ka\u017ed\u00e9mu, kdo horliv\u011b dodr\u017euje p\u016fst, B\u016fh otev\u00edr\u00e1 dve\u0159e milosrdenstv\u00ed.<\/p>\n<p>Tento svat\u00fd p\u016fst zachovalo m\u011bsto Ninive, nab\u00e1dan\u00e9 slovem Jon\u00e1\u0161ov\u00fdm. Lid\u00e9 i zv\u00ed\u0159ata se postili po \u010dty\u0159icet dn\u00ed. Skrze tento svat\u00fd p\u016fst byli proslaveni patriarchov\u00e9, proroci, spravedliv\u00ed a v\u0161ichni zbo\u017en\u00ed. Tomuto svat\u00e9mu p\u016fstu se nau\u010dili apo\u0161tolov\u00e9, u\u010dedn\u00edci Syna Bo\u017e\u00edho, a p\u0159evedli n\u00e1rody od klamu k\u00a0pravd\u011b. T\u00edmto svat\u00fdm p\u016fstem posil\u0148ovali sv\u00e1 t\u011bla po\u017eehnan\u00ed a v\u00edt\u011bzoslavn\u00ed mu\u010dedn\u00edci, kte\u0159\u00ed kr\u00e1\u010deli vst\u0159\u00edc me\u010di, ohni a v\u0161elik\u00fdm mu\u010den\u00edm.<\/p>\n<p>\u00d3, jak velik\u00fd jsi ty, dne postn\u00ed! Bla\u017een\u00fd je ten, kdo proch\u00e1z\u00ed tebou tak, jak je pot\u0159eba. Ka\u017ed\u00fd, kdo ti naslouch\u00e1 a kdo se ti pod\u0159izuje, na k\u0159\u00eddlech se povzn\u00e1\u0161\u00ed do nebe. Ale kdo se post\u00ed a p\u0159itom nen\u00e1vid\u00ed sv\u00e9ho bratra, ten je p\u0159ed Bohem jako ten, kdo se oddal ob\u017eerstv\u00ed. Proto\u017ee je napln\u011bn l\u017e\u00ed, klamem a nen\u00e1vist\u00ed a pozbyl l\u00e1sky na\u0161eho P\u00e1na. Kdo se post\u00ed a z\u00e1rove\u0148 se i hn\u011bv\u00e1, kdo skr\u00fdv\u00e1 ve sv\u00e9m srdci nep\u0159\u00e1telstv\u00ed, nen\u00e1vist a z\u00e1\u0161\u0165, ten nen\u00e1vid\u00ed Boha, a sp\u00e1sa je mu vzd\u00e1len\u00e1.<\/p>\n<p>\u00d3, jak jsi p\u0159ekr\u00e1sn\u00e1, modlitbo! Bla\u017een\u00fd, kdo se s\u00a0horlivost\u00ed cvi\u010d\u00ed v\u00a0modlitb\u011b, k\u00a0n\u011bmu, jestli\u017ee je \u010dist\u00fd, o\u010di\u0161t\u011bn ode v\u0161\u00ed l\u017ei a klamu, se zl\u00fd nep\u0159ibl\u00ed\u017e\u00ed. Ale obra\u0165 pozornost na to, co Spasitel \u0159ekl \u010dist\u00e9mu st\u00e1du sv\u00fdch u\u010dedn\u00edk\u016f, kdy\u017e je u\u010dil modlitb\u011b: <em>Ot\u010de n\u00e1\u0161, jen\u017e jsi na nebes\u00edch<\/em>. On n\u00e1s u\u010d\u00ed modlit se: <em>A odpus\u0165 n\u00e1m na\u0161e viny, jako\u017e i my odpou\u0161t\u00edme vin\u00edk\u016fm na\u0161im. <\/em>(Mat 6, 9 &#8211; 12). A tak se d\u00edvej, P\u00e1n neodpou\u0161t\u00ed tomu, kdo neodpou\u0161t\u00ed sv\u00e9mu bratrovi. Pohle\u010f, jak p\u0159ekr\u00e1sn\u00e1 je modlitba, kterou se nau\u010dili u\u010dedn\u00edci Kristovy od prav\u00e9ho Past\u00fd\u0159e, pro boj se zl\u00fdm.<\/p>\n<p style=\"text-align: center;\"><a href=\"http:\/\/pravoslavbrno.cz\/wp-content\/uploads\/2018\/02\/bxm01545.jpg\"><img loading=\"lazy\" decoding=\"async\" class=\"alignnone  wp-image-180\" src=\"http:\/\/pravoslavbrno.cz\/wp-content\/uploads\/2018\/02\/bxm01545-300x169.jpg\" alt=\"\" width=\"541\" height=\"305\" srcset=\"http:\/\/pravoslavnebrno.cz\/wp-content\/uploads\/2018\/02\/bxm01545-300x169.jpg 300w, http:\/\/pravoslavnebrno.cz\/wp-content\/uploads\/2018\/02\/bxm01545-768x432.jpg 768w, http:\/\/pravoslavnebrno.cz\/wp-content\/uploads\/2018\/02\/bxm01545-700x394.jpg 700w, http:\/\/pravoslavnebrno.cz\/wp-content\/uploads\/2018\/02\/bxm01545-800x450.jpg 800w, http:\/\/pravoslavnebrno.cz\/wp-content\/uploads\/2018\/02\/bxm01545.jpg 1920w\" sizes=\"auto, (max-width: 541px) 100vw, 541px\" \/><\/a><\/p>\n<p>A tak, jeli u koho v\u00a0srdci l\u017eivost, nen\u00e1vist a odsuzov\u00e1n\u00ed, ten nech\u0165 o\u010dist\u00ed nejd\u0159\u00edve svoji du\u0161i a potom a\u0165 p\u0159ijde postit se a modlit. Kdo ke sv\u00e9mu bratrovi je nep\u0159\u00e1telsky naklon\u011bn, nen\u00e1vid\u00ed ho a h\u00e1d\u00e1 se s\u00a0n\u00edm, ten nejprve a\u0165 se s\u00a0bratrem usm\u00ed\u0159\u00ed a odpust\u00ed mu, a teprve pak se m\u016f\u017ee p\u0159ibl\u00ed\u017eit k\u00a0P\u00e1nu. Kdo chce stanout p\u0159ed Bohem, ten mus\u00ed nejd\u0159\u00edve odpustit bratrovi jeho vinu, jedin\u011b takov\u00e9ho je p\u016fst a modlitba Bohu mil\u00e1.<\/p>\n<p>Jak\u00fd u\u017eitek n\u00e1m p\u0159inese takov\u00e1 modlitba, jestli\u017ee neodpust\u00edme na\u0161im vin\u00edk\u016fm? \u010clov\u011b\u010de, jsi synem prachu! Pod\u00edvej se, co t\u011b nau\u010dil tv\u016fj P\u00e1n, nep\u0159ehl\u00ed\u017eej slova P\u00e1na, aby se P\u00e1n neodvr\u00e1til od tebe a neodsoudil t\u011b. Odpus\u0165 mi viny a m\u00e9 h\u0159\u00edchy, jako\u017e i j\u00e1 odpou\u0161t\u00edm tomu, kdo mne urazil. Odpus\u0165 mi, jako\u017e i j\u00e1 odpou\u0161t\u00edm, p\u0159ijmi mne, jako i j\u00e1 p\u0159ij\u00edm\u00e1m. Jestli\u017ee ty, \u010dlov\u011b\u010de, neodpust\u00ed\u0161 ka\u017ed\u00e9mu, kdo zh\u0159e\u0161il proti tob\u011b, tak neobt\u011b\u017euj sebe p\u016fstem a modlitbou. Jestli\u017ee sv\u00e9mu bratru, na kter\u00e9ho se pro n\u011bco hn\u011bv\u00e1\u0161, neodpust\u00ed\u0161 jeho viny, tak se zbyte\u010dn\u011b post\u00ed\u0161 a modl\u00ed\u0161, B\u016fh t\u011b nep\u0159ijme. Kv\u016fli \u010demu umrtvuje\u0161 sv\u00e9 t\u011blo p\u016fstem, svoji du\u0161i tr\u00e1p\u00ed\u0161 hladem a \u017e\u00edzn\u00ed, kdy\u017e nep\u0159ijme\u0161 s l\u00e1skou sv\u00e9ho bratra, proti kter\u00e9mu chov\u00e1\u0161 ve sv\u00e9m nitru a \u00fatrob\u00e1ch hn\u011bv a nen\u00e1vist? Ani modlitba ani tv\u016fj p\u016fst ti v\u016fbec nepomohou, dokud neu\u010din\u00ed\u0161 sebe dokonal\u00fdm v\u00a0l\u00e1sce a v\u00a0nad\u011bji v\u00edry. Kdo v\u00a0sob\u011b \u017eiv\u00ed hn\u011bv, nep\u0159\u00e1telstv\u00ed, nen\u00e1vist a sv\u00e1r, ten je nep\u0159\u00edtelem (protivn\u00edkem) Bo\u017e\u00edm, a je naopak p\u0159\u00edtelem zl\u00e9ho satana! Ach, jak znamenit\u00e9, brat\u0159i moji, jsou l\u00e1ska, p\u016fst, milosrdenstv\u00ed k\u00a0chud\u00fdm, \u017eivo\u0159\u00edc\u00edm, sirotk\u016fm a vdov\u00e1m! N\u00e1\u0161 P\u00e1n ve sv\u00e9m Evangeliu \u010dinil dobrodin\u00ed chud\u00fdm, jestli\u017ee byli \u010dist\u00ed ode v\u0161eho zl\u00e9ho, od smilstva a od v\u0161elik\u00e9 hanby a potupy.<\/p>\n<p>Pod\u011bl se o sv\u016fj chl\u00e9b a dej z\u00a0n\u011bho chud\u00fdm. Ty ned\u00e1v\u00e1\u0161 sv\u00e9, B\u016fh ti proto dal nadbytek, abys i ty p\u0159in\u00e1\u0161el a d\u00e1val ostatn\u00edm. M\u00e1\u0161 dostatek chleba vezdej\u0161\u00edho, tak jak jsi nau\u010den v\u00a0modlitb\u011b, proto neshroma\u017e\u010fuj sl\u00e1mu s\u00e1m sob\u011b, pro ohe\u0148 a mu\u010den\u00ed. Pod\u00edvej se, tv\u016fj P\u00e1n ti p\u0159isl\u00edbil, \u017ee kdy\u017e daruje\u0161 chud\u00fdm, odm\u011bn\u00ed t\u011b. On ti je\u0161t\u011b v\u00a0tomto \u010dase d\u00e1 u\u017eitek stokr\u00e1t, \u0161edes\u00e1tkr\u00e1t, t\u0159icetkr\u00e1t v\u00edce a ve v\u011bku budouc\u00edm t\u011b odm\u011bn\u00ed v\u011b\u010dn\u00fdm \u017eivotem. Blahoslaven\u00fd, kdo l\u00e1me sv\u016fj chl\u00e9b a d\u00e1v\u00e1 ho chud\u00fdm, o n\u011bm se raduje Kristus a odm\u011bn\u00ed se mu Kr\u00e1lovstv\u00edm Nebesk\u00fdm. Blahoslaven\u00fd, kdo od\u00edv\u00e1 nah\u00e9, ten pak bude oble\u010den do \u0161atu Kr\u00e1lovstv\u00ed a radovat se bude pot\u00e9 v\u00a0z\u00e1\u0159iv\u00e9 s\u00edni.<\/p>\n<p><em>Blahoslaven\u00fd, kdo m\u00e1 pochopen\u00ed pro nuzn\u00e9ho,<\/em> \u0159\u00edk\u00e1 David, <em>Hospodin ho ve zl\u00fd den zachr\u00e1n\u00ed<\/em> (\u017d 41, 1) \u2013 to znamen\u00e1, \u017ee ho spas\u00ed v\u00a0posledn\u00ed den a zbav\u00ed ho ohn\u011b neuhasiteln\u00e9ho, mu\u010den\u00ed a \u010derva neum\u00edraj\u00edc\u00edho. Jen obra\u0165 svou pozornost na to, co n\u00e1\u0161 Spasitel \u0159\u00edk\u00e1 ve sv\u00e9m bo\u017esk\u00e9m Evangeliu: <em>Poj\u010fte, po\u017eehnan\u00ed M\u00e9ho Otce<\/em>, p\u0159ijm\u011bte do vlastnictv\u00ed sv\u00e9ho bla\u017eenost a \u00fat\u011bchu, <em>nebo\u0165 jsem hladov\u011bl, a dali jste mi j\u00edst, \u017e\u00edznil jsem, a dali jste mi p\u00edt, byl jsem na cest\u00e1ch, a ujali jste se mne, byl jsem nah\u00fd, a obl\u00e9kli jste m\u011b, byl jsem nemocen, a nav\u0161t\u00edvili jste m\u011b, byl jsem ve v\u011bzen\u00ed, a p\u0159i\u0161li jste za mnou<\/em>. Tehdy se spravedliv\u00ed, stoj\u00edce po pravici na\u0161eho Spasitele, zeptaj\u00ed: <em>Pane, kdy jsme t\u011b vid\u011bli hladov\u00e9ho, a nasytili jsme t\u011b, nebo \u017e\u00edzniv\u00e9ho, a dali jsme ti p\u00edt? Kdy jsme t\u011b vid\u011bli jako pocestn\u00e9ho, a ujali jsme se t\u011b, nebo nah\u00e9ho, a obl\u00e9kli jsme t\u011b? Kdy jsme t\u011b vid\u011bli nemocn\u00e9ho nebo ve v\u011bzen\u00ed, a p\u0159i\u0161li jsme za tebou?<\/em> I \u0159ekne Kristus spravedliv\u00fdm, stoj\u00edce po Jeho pravici: <em>Amen, prav\u00edm v\u00e1m, cokoliv jste u\u010dinili jednomu z t\u011bchto m\u00fdch nepatrn\u00fdch brat\u0159\u00ed, mn\u011b jste u\u010dinili<\/em>. Poj\u010fte, p\u0159ijm\u011bte za\u00a0d\u011bdictv\u00ed sv\u00e9 Kr\u00e1lovstv\u00ed, synov\u00e9 sv\u011btla, stoj\u00edce po pravici m\u00e9 (Mat 25, 34 &#8211; 40). D\u00e1vejte pozor, brat\u0159i moji, abychom se nestali ko\u0159ist\u00ed ohn\u011b a mu\u010den\u00ed. Ho\u0159ce tomu, kdo bude uvr\u017een do pekla, do ohn\u011b neuhas\u00ednaj\u00edc\u00edho, proto\u017ee jeho mu\u010den\u00ed bude pokra\u010dovat na v\u011bky a a\u017e na v\u011bky v\u011bk\u016fv. Ale v\u011b\u010dn\u00e9 bude tak\u00e9 i bla\u017eenstv\u00ed, a proto moji brat\u0159i, horliv\u011b zachov\u00e1vejte p\u016fst a p\u0159in\u00e1\u0161ejte prav\u00e9 pok\u00e1n\u00ed. A\u0165 nebude \u017e\u00e1dn\u00e9 ne\u010distoty ve va\u0161ich t\u011blech a \u017e\u00e1dn\u00e9ho h\u0159\u00edchu ve va\u0161ich \u00fadech.<\/p>\n<p>D\u00e1vejte pozor, moji brat\u0159i, a\u0165 nikdo z\u00a0v\u00e1s sebe sama nezostud\u00ed rozma\u0159ilost\u00ed (zh\u00fdralost\u00ed), proto\u017ee \u017e\u00e1dn\u00fd jin\u00fd h\u0159\u00edch nen\u00ed Bohu tak odporn\u00fd jako rozma\u0159ilost (zh\u00fdralost). D\u00e1vejte pozor, moji brat\u0159i, aby u v\u00e1s nezpozorovali \u017e\u00e1dn\u00fd smrad a v\u00fd\u010ditky, nam\u00edsto nich vzn\u00e1\u0161ejte chv\u00e1lu a veleben\u00ed Bohu. D\u00e1vejte pozor, moji brat\u0159i, aby u v\u00e1s nep\u0159evl\u00e1daly a neovl\u00e1dly v\u00e1s p\u00fdcha a hrdost, nadutost a namy\u0161lenost. Na m\u00edsto toho se oble\u010dte v\u00a0m\u00edrnost, pokoj a pokoru. D\u00e1vejte pozor, moji brat\u0159i, aby si nikdo z\u00a0v\u00e1s nezamiloval zlod\u011bjstv\u00ed, proto\u017ee takov\u00fd, kamkoli by p\u0159i\u0161el a kdekoli by z\u016fst\u00e1val, odev\u0161ad vyh\u00e1n\u00ed po\u017eehn\u00e1n\u00ed. Zcela od sebe ode\u017ee\u0148te smilstvo a k\u0159ivop\u0159\u00edse\u017enictv\u00ed, nebo\u0165 uvrhaj\u00ed do propasti z\u00e1huby ty, kdo\u017e se jimi provinil. D\u00e1vejte pozor, moji brat\u0159i, a\u0165 se nikdo z\u00a0v\u00e1s nezap\u0159\u00edsah\u00e1v\u00e1 jm\u00e9nem Boha Nejvy\u0161\u0161\u00edho, proto\u017ee \u00fasta stvo\u0159en\u00e1 k\u00a0veleben\u00ed Boha nemaj\u00ed \u010dinit takov\u00e9to p\u0159\u00edsahy! \u010ci\u0148te tak, jak n\u00e1s nau\u010dil n\u00e1\u0161 P\u00e1n: <em>Va\u0161e slovo bu\u010f ano, ano &#8211; ne, ne.<\/em> (Mat 5, 37) Syn Bo\u017e\u00ed n\u00e1m skrze svoji dobrotu uk\u00e1zal cestu \u017eivota, abychom po n\u00ed vch\u00e1zeli do Kr\u00e1lovstv\u00ed, a sice skrze skutky pravdy. Proto budeme horliv\u011b p\u0159in\u00e1\u0161et pok\u00e1n\u00ed, dokud nedostihneme je\u0161t\u011b onoho \u010dasu. Zamilujeme si p\u016fst, modlitbu a dobro\u010dinnost k\u00a0chud\u00fdm, budeme vz\u00e1jemn\u011b milovat druh druha, proto\u017ee <em>plnost z\u00e1kona je l\u00e1ska<\/em> (\u0158\u00edm 13, 10).<\/p>\n<p>V\u0161echno jednou pomine, brat\u0159i moji, jen na\u0161e skutky n\u00e1s budou prov\u00e1zet. Proto p\u0159iprav\u00edme sob\u011b z\u00e1soby na cestu, na pou\u0165, kter\u00e1 nikoho nemine. Chv\u00e1la Slovu Bo\u017e\u00edmu, kter\u00e9 se pro n\u00e1s vt\u011blilo a pro hojnost sv\u00e9 l\u00e1sky p\u0159etrp\u011blo str\u00e1d\u00e1n\u00ed pro na\u0161e pokolen\u00ed! Velebme Otce, kter\u00fd poslal Slovo! Aleluja Duchu Svat\u00e9mu! Chv\u00e1la Tob\u011b, d\u016fstojn\u011b veleben\u00e1 bo\u017esk\u00e1 a v\u011b\u010dn\u00e1 Trojice, a\u0165 se Tv\u00e1 hojnost, \u0161t\u011bdrost a dary rozl\u00e9vaj\u00ed na n\u00e1s na v\u0161echny v\u00a0ka\u017ed\u00e9 dob\u011b! Amen, Amen.<\/p>\n<p style=\"text-align: right;\"><em>Z\u00a0pou\u010den\u00ed PCO v\u00a0Brn\u011b na b\u0159ezen 2014<\/em><\/p>\n","protected":false},"excerpt":{"rendered":"<p>Ctihodn\u00fd Efrem Syrsk\u00fd Hle, nyn\u00ed je \u010das p\u0159\u00edhodn\u00fd, nyn\u00ed je den sp\u00e1sy! (2 Kor 6, 2). Nyn\u00ed nastal \u010das, v\u00a0n\u011bm\u017e jsou modlitby a prosby p\u0159ij\u00edm\u00e1ny. Kr\u00e1lovstv\u00ed Bo\u017e\u00ed se nyn\u00ed p\u0159ibl\u00ed\u017eilo ke ka\u017ed\u00e9mu, kdo slou\u017e\u00ed Bohu v\u00a0pravd\u011b, proto\u017ee nastaly dny \u010dist\u00e9ho p\u016fstu pro toho, kdo se opravdu post\u00ed v\u00a0\u010distot\u011b. A tak budeme, draz\u00ed, zachov\u00e1vat tento p\u016fst&#8230;<\/p>\n","protected":false},"author":3,"featured_media":0,"comment_status":"open","ping_status":"open","sticky":false,"template":"","format":"standard","meta":{"jetpack_post_was_ever_published":false,"_jetpack_newsletter_access":"","_jetpack_dont_email_post_to_subs":false,"_jetpack_newsletter_tier_id":0,"_jetpack_memberships_contains_paywalled_content":false,"_jetpack_memberships_contains_paid_content":false,"footnotes":"","jetpack_publicize_message":"","jetpack_publicize_feature_enabled":true,"jetpack_social_post_already_shared":false,"jetpack_social_options":{"image_generator_settings":{"template":"highway","default_image_id":0,"font":"","enabled":false},"version":2}},"categories":[4],"tags":[],"class_list":["post-178","post","type-post","status-publish","format-standard","hentry","category-pouceni"],"jetpack_publicize_connections":[],"jetpack_featured_media_url":"","jetpack_sharing_enabled":true,"jetpack_shortlink":"https:\/\/wp.me\/p9GyX2-2S","jetpack-related-posts":[],"_links":{"self":[{"href":"http:\/\/pravoslavnebrno.cz\/en\/wp-json\/wp\/v2\/posts\/178","targetHints":{"allow":["GET"]}}],"collection":[{"href":"http:\/\/pravoslavnebrno.cz\/en\/wp-json\/wp\/v2\/posts"}],"about":[{"href":"http:\/\/pravoslavnebrno.cz\/en\/wp-json\/wp\/v2\/types\/post"}],"author":[{"embeddable":true,"href":"http:\/\/pravoslavnebrno.cz\/en\/wp-json\/wp\/v2\/users\/3"}],"replies":[{"embeddable":true,"href":"http:\/\/pravoslavnebrno.cz\/en\/wp-json\/wp\/v2\/comments?post=178"}],"version-history":[{"count":2,"href":"http:\/\/pravoslavnebrno.cz\/en\/wp-json\/wp\/v2\/posts\/178\/revisions"}],"predecessor-version":[{"id":182,"href":"http:\/\/pravoslavnebrno.cz\/en\/wp-json\/wp\/v2\/posts\/178\/revisions\/182"}],"wp:attachment":[{"href":"http:\/\/pravoslavnebrno.cz\/en\/wp-json\/wp\/v2\/media?parent=178"}],"wp:term":[{"taxonomy":"category","embeddable":true,"href":"http:\/\/pravoslavnebrno.cz\/en\/wp-json\/wp\/v2\/categories?post=178"},{"taxonomy":"post_tag","embeddable":true,"href":"http:\/\/pravoslavnebrno.cz\/en\/wp-json\/wp\/v2\/tags?post=178"}],"curies":[{"name":"wp","href":"https:\/\/api.w.org\/{rel}","templated":true}]}}