{"id":1720,"date":"2018-05-15T01:50:01","date_gmt":"2018-05-15T00:50:01","guid":{"rendered":"http:\/\/pravoslavbrno.cz\/?p=1720"},"modified":"2018-05-15T05:51:07","modified_gmt":"2018-05-15T04:51:07","slug":"blizi-se-doba-kdy-se-pravoslavi-zaskveje","status":"publish","type":"post","link":"http:\/\/pravoslavnebrno.cz\/en\/blizi-se-doba-kdy-se-pravoslavi-zaskveje\/","title":{"rendered":"Bl\u00ed\u017e\u00ed se doba, kdy se Pravoslav\u00ed zaskv\u011bje!"},"content":{"rendered":"<h2 style=\"text-align: center;\"><strong>Srbsk\u00fd starec Papa-Stefanos Svatohorec\u00a0<\/strong><\/h2>\n<h2 style=\"text-align: center;\"><a href=\"http:\/\/pravoslavbrno.cz\/wp-content\/uploads\/2018\/05\/orthodoxiaonline-38.jpg\"><img loading=\"lazy\" decoding=\"async\" class=\"alignnone wp-image-1718\" src=\"http:\/\/pravoslavbrno.cz\/wp-content\/uploads\/2018\/05\/orthodoxiaonline-38-300x172.jpg\" alt=\"\" width=\"631\" height=\"362\" srcset=\"http:\/\/pravoslavnebrno.cz\/wp-content\/uploads\/2018\/05\/orthodoxiaonline-38-300x172.jpg 300w, http:\/\/pravoslavnebrno.cz\/wp-content\/uploads\/2018\/05\/orthodoxiaonline-38-768x441.jpg 768w, http:\/\/pravoslavnebrno.cz\/wp-content\/uploads\/2018\/05\/orthodoxiaonline-38-700x402.jpg 700w, http:\/\/pravoslavnebrno.cz\/wp-content\/uploads\/2018\/05\/orthodoxiaonline-38-800x459.jpg 800w, http:\/\/pravoslavnebrno.cz\/wp-content\/uploads\/2018\/05\/orthodoxiaonline-38.jpg 819w\" sizes=\"auto, (max-width: 631px) 100vw, 631px\" \/><\/a><\/h2>\n<h2 style=\"text-align: center;\"><strong>Bl\u00ed\u017e\u00ed se doba, kdy se Pravoslav\u00ed zaskv\u011bje!<\/strong><\/h2>\n<p>Blahodatn\u00fd starec Papa-Stefanos,\u00a0t\u00e9\u017e\u00a0zn\u00e1m\u00fd jako &#8220;Orel z Karulije,\u00a0pravil, \u017ee se ji\u017e\u00a0bl\u00ed\u017e\u00ed doba, kdy se ve sv\u011bt\u011b zaskv\u011bje kr\u00e1sa Pravoslav\u00ed a kdy p\u0159inese radost a \u00fat\u011bchu v\u0161em v\u011b\u0159\u00edc\u00edm. Sou\u010dasn\u011b v\u0161ak s\u00a0sebou p\u0159inese tak\u00e9 soud pro ty, kte\u0159\u00ed \u017eij\u00ed bezbo\u017en\u011b.<\/p>\n<p>\u201eP\u0159ed n\u00e1mi jsou dny velk\u00fdch ud\u00e1lost\u00ed. K\u0159es\u0165anstv\u00ed je\u0161t\u011b ne\u0159eklo sv\u00e9 posledn\u00ed slovo. Prost\u0159ednictv\u00edm n\u00e1s se bude \u0161\u00ed\u0159it jm\u00e9no Kristovo. Na\u0161\u00edm prost\u0159ednictv\u00edm (svat\u00e9ho Pravoslav\u00ed) tak\u00e9 dojde k\u00a0hrozn\u00e9mu a posledn\u00edmu Soudu.<\/p>\n<p>Budeme soudit nejen sv\u011bt, ale tak\u00e9 padl\u00e9 duchy v\u0161ech zl\u00fdch p\u0159\u00ed\u010din.<\/p>\n<p>Kdy?<\/p>\n<p>A\u017e P\u00e1n napln\u00ed sv\u00e9 Kr\u00e1lovstv\u00ed nov\u00fdmi du\u0161emi na m\u00edsto padl\u00fdch duch\u016f, jak je jasn\u011b naps\u00e1no v Davidov\u00fdch \u017ealmech.\u201c<!--more--><\/p>\n<p><em>Srbsk\u00fd starec a archimandrita Stefanos z Karulije\u00a0byl velmi vlivnou a autoritativn\u00ed osobnost\u00ed svat\u00e9ho Pravoslav\u00ed, kter\u00fd pro\u017eil p\u016fl stolet\u00ed na Svat\u00e9 Ho\u0159e Athos.<\/em><\/p>\n<p><em>B\u011bhem t\u011bchto desetilet\u00ed, str\u00e1ven\u00fdch v\u00a0Zahrad\u011b P\u0159esvat\u00e9 Bohorodice, byl tento mnich ct\u011bn pro sv\u00e9 velk\u00e9 ctnosti, pro schopnost interpretovat v\u00fdznam na\u0161\u00ed pravoslavn\u00e9 k\u0159es\u0165ansk\u00e9 v\u00edry, ale rovn\u011b\u017e pro sv\u016fj velk\u00fd z\u00e1jem zab\u00fdvat se d\u016fle\u017eit\u00fdmi ot\u00e1zkami a t\u00e9maty, kter\u00e9 zam\u011bstn\u00e1vaj\u00ed mysl\u00a0sou\u010dasn\u00e9ho \u010dlov\u011bka.<\/em><\/p>\n<p><em>Narodil se v roce 1922 a zesnul v\u00a0P\u00e1nu v prosinci roku 2001 v B\u011blehrad\u011b ve v\u011bku 79 let. Na Svat\u00e9 Ho\u0159e \u017eil od roku 1950 do roku 2000, je\u0161t\u011b rok p\u0159ed svou smrt\u00ed.<\/em><\/p>\n<p style=\"text-align: right;\">p\u0159ipravil a p\u0159elo\u017eil MD<\/p>\n<p>\u00a0Zdroj: <strong>\u039f\u03b9 \u0393\u03ad\u03c1\u03bf\u03bd\u03c4\u03b5\u03c2 \u03c4\u03b7\u03c2 \u039f\u03c1\u03b8\u03bf\u03b4\u03bf\u03be\u03af\u03b1\u03c2 \u03b3\u03b9\u03b1 \u03c4\u03b7\u03bd \u039a\u03c1\u03af\u03c3\u03b7<\/strong><\/p>\n<p><span class=\"embed-youtube\" style=\"text-align:center; display: block;\"><iframe loading=\"lazy\" class=\"youtube-player\" width=\"700\" height=\"394\" src=\"https:\/\/www.youtube.com\/embed\/ygOmYwBafgI?version=3&#038;rel=1&#038;showsearch=0&#038;showinfo=1&#038;iv_load_policy=1&#038;fs=1&#038;hl=en-US&#038;autohide=2&#038;wmode=transparent\" allowfullscreen=\"true\" style=\"border:0;\" sandbox=\"allow-scripts allow-same-origin allow-popups allow-presentation allow-popups-to-escape-sandbox\"><\/iframe><\/span><\/p>\n<p><strong>\u00a0<\/strong><\/p>\n","protected":false},"excerpt":{"rendered":"<p>Srbsk\u00fd starec Papa-Stefanos Svatohorec\u00a0 Bl\u00ed\u017e\u00ed se doba, kdy se Pravoslav\u00ed zaskv\u011bje! Blahodatn\u00fd starec Papa-Stefanos,\u00a0t\u00e9\u017e\u00a0zn\u00e1m\u00fd jako &#8220;Orel z Karulije,\u00a0pravil, \u017ee se ji\u017e\u00a0bl\u00ed\u017e\u00ed doba, kdy se ve sv\u011bt\u011b zaskv\u011bje kr\u00e1sa Pravoslav\u00ed a kdy p\u0159inese radost a \u00fat\u011bchu v\u0161em v\u011b\u0159\u00edc\u00edm. Sou\u010dasn\u011b v\u0161ak s\u00a0sebou p\u0159inese tak\u00e9 soud pro ty, kte\u0159\u00ed \u017eij\u00ed bezbo\u017en\u011b. \u201eP\u0159ed n\u00e1mi jsou dny velk\u00fdch ud\u00e1lost\u00ed. K\u0159es\u0165anstv\u00ed&#8230;<\/p>\n","protected":false},"author":3,"featured_media":0,"comment_status":"open","ping_status":"open","sticky":false,"template":"","format":"standard","meta":{"jetpack_post_was_ever_published":false,"_jetpack_newsletter_access":"","_jetpack_dont_email_post_to_subs":false,"_jetpack_newsletter_tier_id":0,"_jetpack_memberships_contains_paywalled_content":false,"_jetpack_memberships_contains_paid_content":false,"footnotes":"","jetpack_publicize_message":"","jetpack_publicize_feature_enabled":true,"jetpack_social_post_already_shared":true,"jetpack_social_options":{"image_generator_settings":{"template":"highway","default_image_id":0,"font":"","enabled":false},"version":2}},"categories":[10,4,12],"tags":[],"class_list":["post-1720","post","type-post","status-publish","format-standard","hentry","category-pouceni-z-pateriku","category-pouceni","category-pravoslavi"],"jetpack_publicize_connections":[],"jetpack_featured_media_url":"","jetpack_sharing_enabled":true,"jetpack_shortlink":"https:\/\/wp.me\/p9GyX2-rK","jetpack-related-posts":[],"_links":{"self":[{"href":"http:\/\/pravoslavnebrno.cz\/en\/wp-json\/wp\/v2\/posts\/1720","targetHints":{"allow":["GET"]}}],"collection":[{"href":"http:\/\/pravoslavnebrno.cz\/en\/wp-json\/wp\/v2\/posts"}],"about":[{"href":"http:\/\/pravoslavnebrno.cz\/en\/wp-json\/wp\/v2\/types\/post"}],"author":[{"embeddable":true,"href":"http:\/\/pravoslavnebrno.cz\/en\/wp-json\/wp\/v2\/users\/3"}],"replies":[{"embeddable":true,"href":"http:\/\/pravoslavnebrno.cz\/en\/wp-json\/wp\/v2\/comments?post=1720"}],"version-history":[{"count":10,"href":"http:\/\/pravoslavnebrno.cz\/en\/wp-json\/wp\/v2\/posts\/1720\/revisions"}],"predecessor-version":[{"id":1755,"href":"http:\/\/pravoslavnebrno.cz\/en\/wp-json\/wp\/v2\/posts\/1720\/revisions\/1755"}],"wp:attachment":[{"href":"http:\/\/pravoslavnebrno.cz\/en\/wp-json\/wp\/v2\/media?parent=1720"}],"wp:term":[{"taxonomy":"category","embeddable":true,"href":"http:\/\/pravoslavnebrno.cz\/en\/wp-json\/wp\/v2\/categories?post=1720"},{"taxonomy":"post_tag","embeddable":true,"href":"http:\/\/pravoslavnebrno.cz\/en\/wp-json\/wp\/v2\/tags?post=1720"}],"curies":[{"name":"wp","href":"https:\/\/api.w.org\/{rel}","templated":true}]}}