{"id":1258,"date":"2018-04-06T23:01:53","date_gmt":"2018-04-06T22:01:53","guid":{"rendered":"http:\/\/pravoslavbrno.cz\/?p=1258"},"modified":"2018-04-07T12:53:18","modified_gmt":"2018-04-07T11:53:18","slug":"dnes-zacina-nase-spaseni-a-zjevuje-se-odvecne-tajemstvi","status":"publish","type":"post","link":"http:\/\/pravoslavnebrno.cz\/en\/dnes-zacina-nase-spaseni-a-zjevuje-se-odvecne-tajemstvi\/","title":{"rendered":"Dnes za\u010d\u00edn\u00e1 na\u0161e spasen\u00ed a zjevuje se odv\u011b\u010dn\u00e9 tajemstv\u00ed"},"content":{"rendered":"<h3 style=\"text-align: center;\"><strong>Sv\u00e1tek &#8220;Zv\u011bstov\u00e1n\u00ed&#8221; archand\u011bla Gabriela o narozen\u00ed Spasitele P\u0159esv. Bohorodici<\/strong><\/h3>\n<p><a href=\"http:\/\/pravoslavbrno.cz\/wp-content\/uploads\/2018\/04\/logo.jpg\"><img loading=\"lazy\" decoding=\"async\" class=\" wp-image-1256 aligncenter\" src=\"http:\/\/pravoslavbrno.cz\/wp-content\/uploads\/2018\/04\/logo-239x300.jpg\" alt=\"\" width=\"596\" height=\"748\" srcset=\"http:\/\/pravoslavnebrno.cz\/wp-content\/uploads\/2018\/04\/logo-239x300.jpg 239w, http:\/\/pravoslavnebrno.cz\/wp-content\/uploads\/2018\/04\/logo.jpg 355w\" sizes=\"auto, (max-width: 596px) 100vw, 596px\" \/><\/a><\/p>\n<h3 style=\"text-align: center;\"><strong>Z pou\u010den\u00ed sv. Jana Zlato\u00fast\u00e9ho<\/strong><\/h3>\n<p>Gabriel byl posl\u00e1n, aby odhalil univerz\u00e1ln\u00ed sp\u00e1su v\u0161ech lid\u00ed.<\/p>\n<p>Gabriel byl posl\u00e1n, aby p\u0159ivedl Adama k jeho jist\u00e9 obnov\u011b.<\/p>\n<p>Gabriel byl posl\u00e1n k pann\u011b, aby prom\u011bnil zneuct\u011bn\u00ed \u017eensk\u00e9ho rodu na po\u010dest.<\/p>\n<p>Gabriel byl posl\u00e1n, aby p\u0159ipravil svatebn\u00ed s\u00ed\u0148, aby byla hodna neposkvrn\u011bn\u00e9ho \u017denicha.<\/p>\n<p>Gabriel byl posl\u00e1n, aby pomohl zasnoubit stvo\u0159en\u00ed se sv\u00fdm Stvo\u0159itelem.<\/p>\n<p>Gabriel byl posl\u00e1n do nestvo\u0159en\u00e9ho kr\u00e1lovsk\u00e9ho pal\u00e1ce and\u011bl\u016f.<\/p>\n<p>Gabriel byl posl\u00e1n k pann\u011b, kter\u00e1 byla zasnoubena s Josefem, ale byla ur\u010dena pro Je\u017e\u00ed\u0161e, Syna\u00a0Bo\u017e\u00edho.<\/p>\n<p>Byl posl\u00e1n bezt\u011blesn\u00fd slu\u017eebn\u00edk Bo\u017e\u00ed k p\u0159e\u010dist\u00e9 pann\u011b.<\/p>\n<p>Byl posl\u00e1n ten, kter\u00fd je bez h\u0159\u00edch\u016f, k t\u00e9, kter\u00e1 nem\u011bla poznat tlen\u00ed.<\/p>\n<p>Byl posl\u00e1n sv\u00edcen, aby zpravil v\u0161echny o slunci spravedlnosti.<\/p>\n<p>Bylo posl\u00e1no jitro, kter\u00e9 vych\u00e1z\u00ed p\u0159ed denn\u00edm sv\u011btlem.<\/p>\n<p>Gabriel byl posl\u00e1n, aby ozn\u00e1mil lidem o tom, kter\u00fd se nach\u00e1z\u00ed v\u00a0l\u016fn\u011b Otce a v\u00a0n\u00e1ru\u010di matky.<\/p>\n<p>Gabriel byl posl\u00e1n, aby uk\u00e1zal lidem toho, kter\u00fd sed\u00ed na tr\u016fnu, ale rovn\u011b\u017e v jeskyni.<\/p>\n<p>Byl posl\u00e1n voj\u00e1k, aby rozhl\u00e1sil zpr\u00e1vu o tajemstv\u00ed velk\u00e9ho kr\u00e1le.<\/p>\n<p style=\"text-align: left;\">&#8230;<\/p>\n<p><span class=\"embed-youtube\" style=\"text-align:center; display: block;\"><iframe loading=\"lazy\" class=\"youtube-player\" width=\"700\" height=\"394\" src=\"https:\/\/www.youtube.com\/embed\/A71HUUs3Te4?version=3&#038;rel=1&#038;showsearch=0&#038;showinfo=1&#038;iv_load_policy=1&#038;fs=1&#038;hl=en-US&#038;autohide=2&#038;wmode=transparent\" allowfullscreen=\"true\" style=\"border:0;\" sandbox=\"allow-scripts allow-same-origin allow-popups allow-presentation allow-popups-to-escape-sandbox\"><\/iframe><\/span><\/p>\n<p style=\"text-align: left;\">Zdroj: Diakonima.gr<\/p>\n<p style=\"text-align: right;\"><em>Z pou\u010den\u00ed sv. Jana Zlato\u00fast\u00e9ho o sv\u00e1tku &#8220;Zv\u011bstov\u00e1n\u00ed P\u0159esv. Bohorodici&#8221; p\u0159ipravil MD<\/em><\/p>\n","protected":false},"excerpt":{"rendered":"<p>Sv\u00e1tek &#8220;Zv\u011bstov\u00e1n\u00ed&#8221; archand\u011bla Gabriela o narozen\u00ed Spasitele P\u0159esv. Bohorodici Z pou\u010den\u00ed sv. Jana Zlato\u00fast\u00e9ho Gabriel byl posl\u00e1n, aby odhalil univerz\u00e1ln\u00ed sp\u00e1su v\u0161ech lid\u00ed. Gabriel byl posl\u00e1n, aby p\u0159ivedl Adama k jeho jist\u00e9 obnov\u011b. Gabriel byl posl\u00e1n k pann\u011b, aby prom\u011bnil zneuct\u011bn\u00ed \u017eensk\u00e9ho rodu na po\u010dest. Gabriel byl posl\u00e1n, aby p\u0159ipravil svatebn\u00ed s\u00ed\u0148, aby byla hodna&#8230;<\/p>\n","protected":false},"author":3,"featured_media":0,"comment_status":"open","ping_status":"open","sticky":false,"template":"","format":"standard","meta":{"jetpack_post_was_ever_published":false,"_jetpack_newsletter_access":"","_jetpack_dont_email_post_to_subs":false,"_jetpack_newsletter_tier_id":0,"_jetpack_memberships_contains_paywalled_content":false,"_jetpack_memberships_contains_paid_content":false,"footnotes":"","jetpack_publicize_message":"","jetpack_publicize_feature_enabled":true,"jetpack_social_post_already_shared":true,"jetpack_social_options":{"image_generator_settings":{"template":"highway","default_image_id":0,"font":"","enabled":false},"version":2}},"categories":[4],"tags":[],"class_list":["post-1258","post","type-post","status-publish","format-standard","hentry","category-pouceni"],"jetpack_publicize_connections":[],"jetpack_featured_media_url":"","jetpack_sharing_enabled":true,"jetpack_shortlink":"https:\/\/wp.me\/p9GyX2-ki","jetpack-related-posts":[],"_links":{"self":[{"href":"http:\/\/pravoslavnebrno.cz\/en\/wp-json\/wp\/v2\/posts\/1258","targetHints":{"allow":["GET"]}}],"collection":[{"href":"http:\/\/pravoslavnebrno.cz\/en\/wp-json\/wp\/v2\/posts"}],"about":[{"href":"http:\/\/pravoslavnebrno.cz\/en\/wp-json\/wp\/v2\/types\/post"}],"author":[{"embeddable":true,"href":"http:\/\/pravoslavnebrno.cz\/en\/wp-json\/wp\/v2\/users\/3"}],"replies":[{"embeddable":true,"href":"http:\/\/pravoslavnebrno.cz\/en\/wp-json\/wp\/v2\/comments?post=1258"}],"version-history":[{"count":6,"href":"http:\/\/pravoslavnebrno.cz\/en\/wp-json\/wp\/v2\/posts\/1258\/revisions"}],"predecessor-version":[{"id":1264,"href":"http:\/\/pravoslavnebrno.cz\/en\/wp-json\/wp\/v2\/posts\/1258\/revisions\/1264"}],"wp:attachment":[{"href":"http:\/\/pravoslavnebrno.cz\/en\/wp-json\/wp\/v2\/media?parent=1258"}],"wp:term":[{"taxonomy":"category","embeddable":true,"href":"http:\/\/pravoslavnebrno.cz\/en\/wp-json\/wp\/v2\/categories?post=1258"},{"taxonomy":"post_tag","embeddable":true,"href":"http:\/\/pravoslavnebrno.cz\/en\/wp-json\/wp\/v2\/tags?post=1258"}],"curies":[{"name":"wp","href":"https:\/\/api.w.org\/{rel}","templated":true}]}}