{"id":90,"date":"2018-01-20T21:32:42","date_gmt":"2018-01-20T20:32:42","guid":{"rendered":"http:\/\/pravoslavbrno.cz\/?p=90"},"modified":"2018-02-13T22:08:37","modified_gmt":"2018-02-13T21:08:37","slug":"letosni-oslavy-svatku-bohozjeveni-v-nasi-farnosti","status":"publish","type":"post","link":"http:\/\/pravoslavnebrno.cz\/el\/letosni-oslavy-svatku-bohozjeveni-v-nasi-farnosti\/","title":{"rendered":"Leto\u0161n\u00ed oslavy sv\u00e1tku Bohozjeven\u00ed v na\u0161\u00ed farnosti"},"content":{"rendered":"<p>Ji\u017e ve \u010dtvrtek 18. ledna (5.1.), na sv\u00e1tek svat\u00e9ho mu\u010dedn\u00edka Theopempta, biskupa nikom\u00e9dsk\u00e9ho, a proroka Miche\u00e1\u0161e, se po skon\u010den\u00ed liturgie v na\u0161em chr\u00e1mu konalo prvn\u00ed sv\u011bcen\u00ed vody. V p\u0159edve\u010der sv\u00e1tku bylo nejprve slou\u017eeno Velk\u00e9 pove\u010de\u0159\u00ed s litij\u00ed. V samotn\u00fd den sv\u00e1tku byla slou\u017eena slavnostn\u00ed liturgie za p\u0159\u00edtomnosti po\u010detn\u00e9ho z\u00e1stupu v\u011b\u0159\u00edc\u00edch, kte\u0159\u00ed si tento ten vzali volno z pr\u00e1ce. Na jej\u00edm z\u00e1v\u011bru bylo vykon\u00e1no velk\u00e9 sv\u011bcen\u00ed vody, aby si v\u011b\u0159\u00edc\u00ed mohli sv\u011bcenou vodu odn\u00e9st do sv\u00fdch domov\u016f. Ti, kte\u0159\u00ed dopoledne p\u0159ij\u00edt nemohli, se s ostatn\u00edmi \u00fa\u010dastnili ji\u017e tradi\u010dn\u00edho sv\u011bcen\u00ed \u0159eky Svratky v Brn\u011b Bystrci u Kamenolomu, kde od 14 hod za\u010dal pr\u016fvod s k\u0159\u00ed\u017eem a dal\u0161\u00ed ob\u0159ad sv\u011bcen\u00ed vody pod \u0161ir\u00fdm nebem, kter\u00e9 bylo otev\u0159eno v\u0161em p\u0159\u00edtomn\u00fdm svou p\u0159\u00edv\u011btivost\u00ed a dobr\u00fdm, slune\u010dn\u00fdm po\u010das\u00edm.<!--more--><\/p>\n<p>P\u0159i k\u0159tu vod, \u0159ek a pramen\u016f v den sv\u00e1tku Bohozjeven\u00ed se v\u011b\u0159\u00edc\u00ed modl\u00ed za \u201edar vykoupen\u00ed a po\u017eehn\u00e1n\u00ed jord\u00e1nsk\u00e9ho\u201c, aby Hospodin u\u010dinil vody (a tud\u00ed\u017e i ve\u0161kerou p\u0159\u00edrodu) \u201epramenem neporu\u0161en\u00ed\u201c, \u201edarem posv\u011bcen\u00ed\u201c, \u201erozh\u0159e\u0161en\u00edm h\u0159\u00edch\u016f\u201c a \u201euzdraven\u00edm neduh\u016f\u201c. V modlitb\u011b k posv\u011bcen\u00ed se doslova \u0159\u00edk\u00e1, aby B\u016fh posv\u011btil vodu a \u201enaplnil ji silou and\u011blskou, aby v\u0161em, kdo ji budou \u010derpat a<br \/>\np\u0159ij\u00edmat, byla k o\u010di\u0161t\u011bn\u00ed du\u0161e i t\u011bla, k uzdraven\u00ed od v\u00e1\u0161n\u00ed, k posv\u011bcen\u00ed dom\u016f a napom\u00e1haj\u00edc\u00ed ka\u017ed\u00e9mu u\u017eite\u010dn\u00e9mu d\u00edlu\u201c (z posv\u011bcuj\u00edc\u00edch modliteb). Tak velk\u00fd je v\u00fdznam, ale i u\u017eitek sv\u011bcen\u00e9 vody a posv\u011bcen\u00ed, kter\u00e9 p\u0159i tomto ob\u0159adu v\u011b\u0159\u00edc\u00ed s v\u00edrou p\u0159ij\u00edmaj\u00ed.<\/p>\n<p>N\u011bkte\u0159\u00ed v\u011b\u0159\u00edc\u00ed, nedbaj\u00edce studen\u00e9ho zimn\u00edho po\u010das\u00ed a chladn\u00fdch vod \u0159eky Svratky, pono\u0159ili po ob\u0159adu posv\u011bcen\u00ed sv\u00e1 t\u011bla do \u0159eky a p\u0159ijali po\u017eehn\u00e1n\u00ed od kn\u011bze. Ti nejodv\u00e1\u017en\u011bj\u0161\u00ed a nejrychlej\u0161\u00ed z nich se vrhli za vhozen\u00fdm k\u0159\u00ed\u017eem, kter\u00fd vhazuje biskup anebo kn\u011bz doprost\u0159ed vod, aby je k\u0159\u00ed\u017e sv\u00fdm pono\u0159en\u00edm posv\u011btil.<\/p>\n<p>Otec Jozef a otec Marek pot\u00e9 po\u017eehnali p\u0159\u00edtomn\u00fdm a pop\u0159\u00e1li, aby toto \u201ejord\u00e1nsk\u00e9 po\u017eehn\u00e1n\u00ed\u201c z\u016fst\u00e1valo je\u0161t\u011b dlouho v srdc\u00edch v\u0161ech p\u0159\u00edtomn\u00fdch a zachovalo v\u0161echny v\u011b\u0159\u00edc\u00ed ve zdrav\u00ed a spasen\u00ed \u201ena mnoh\u00e1 a blah\u00e1 l\u00e9ta\u201c!<\/p>\n<div id='gallery-1' class='gallery galleryid-90 gallery-columns-2 gallery-size-large'><figure class='gallery-item'>\r\n\t\t\t<div class='gallery-icon portrait'>\r\n\t\t\t\t<a href='http:\/\/pravoslavnebrno.cz\/el\/letosni-oslavy-svatku-bohozjeveni-v-nasi-farnosti\/4-2\/'><img loading=\"lazy\" decoding=\"async\" width=\"700\" height=\"978\" src=\"http:\/\/pravoslavnebrno.cz\/wp-content\/uploads\/2018\/02\/4-700x978.jpg\" class=\"attachment-large size-large\" alt=\"\" srcset=\"http:\/\/pravoslavnebrno.cz\/wp-content\/uploads\/2018\/02\/4-700x978.jpg 700w, http:\/\/pravoslavnebrno.cz\/wp-content\/uploads\/2018\/02\/4-215x300.jpg 215w, http:\/\/pravoslavnebrno.cz\/wp-content\/uploads\/2018\/02\/4-768x1073.jpg 768w, http:\/\/pravoslavnebrno.cz\/wp-content\/uploads\/2018\/02\/4-800x1118.jpg 800w, http:\/\/pravoslavnebrno.cz\/wp-content\/uploads\/2018\/02\/4.jpg 1466w\" sizes=\"auto, (max-width: 700px) 100vw, 700px\" \/><\/a>\r\n\t\t\t<\/div><\/figure><figure class='gallery-item'>\r\n\t\t\t<div class='gallery-icon landscape'>\r\n\t\t\t\t<a href='http:\/\/pravoslavnebrno.cz\/el\/letosni-oslavy-svatku-bohozjeveni-v-nasi-farnosti\/1-2\/'><img loading=\"lazy\" decoding=\"async\" width=\"700\" height=\"533\" src=\"http:\/\/pravoslavnebrno.cz\/wp-content\/uploads\/2018\/02\/1-700x533.jpg\" class=\"attachment-large size-large\" alt=\"\" srcset=\"http:\/\/pravoslavnebrno.cz\/wp-content\/uploads\/2018\/02\/1-700x533.jpg 700w, http:\/\/pravoslavnebrno.cz\/wp-content\/uploads\/2018\/02\/1-300x228.jpg 300w, http:\/\/pravoslavnebrno.cz\/wp-content\/uploads\/2018\/02\/1-768x585.jpg 768w, http:\/\/pravoslavnebrno.cz\/wp-content\/uploads\/2018\/02\/1-800x609.jpg 800w, http:\/\/pravoslavnebrno.cz\/wp-content\/uploads\/2018\/02\/1-80x60.jpg 80w, http:\/\/pravoslavnebrno.cz\/wp-content\/uploads\/2018\/02\/1.jpg 1223w\" sizes=\"auto, (max-width: 700px) 100vw, 700px\" \/><\/a>\r\n\t\t\t<\/div><\/figure><figure class='gallery-item'>\r\n\t\t\t<div class='gallery-icon portrait'>\r\n\t\t\t\t<a href='http:\/\/pravoslavnebrno.cz\/el\/letosni-oslavy-svatku-bohozjeveni-v-nasi-farnosti\/2-2\/'><img loading=\"lazy\" decoding=\"async\" width=\"700\" height=\"933\" src=\"http:\/\/pravoslavnebrno.cz\/wp-content\/uploads\/2018\/02\/2-700x933.jpg\" class=\"attachment-large size-large\" alt=\"\" srcset=\"http:\/\/pravoslavnebrno.cz\/wp-content\/uploads\/2018\/02\/2-700x933.jpg 700w, http:\/\/pravoslavnebrno.cz\/wp-content\/uploads\/2018\/02\/2-225x300.jpg 225w, http:\/\/pravoslavnebrno.cz\/wp-content\/uploads\/2018\/02\/2-768x1024.jpg 768w, http:\/\/pravoslavnebrno.cz\/wp-content\/uploads\/2018\/02\/2-800x1067.jpg 800w, http:\/\/pravoslavnebrno.cz\/wp-content\/uploads\/2018\/02\/2.jpg 960w\" sizes=\"auto, (max-width: 700px) 100vw, 700px\" \/><\/a>\r\n\t\t\t<\/div><\/figure><figure class='gallery-item'>\r\n\t\t\t<div class='gallery-icon portrait'>\r\n\t\t\t\t<a href='http:\/\/pravoslavnebrno.cz\/el\/letosni-oslavy-svatku-bohozjeveni-v-nasi-farnosti\/3-2\/'><img loading=\"lazy\" decoding=\"async\" width=\"700\" height=\"933\" src=\"http:\/\/pravoslavnebrno.cz\/wp-content\/uploads\/2018\/02\/3-700x933.jpg\" class=\"attachment-large size-large\" alt=\"\" srcset=\"http:\/\/pravoslavnebrno.cz\/wp-content\/uploads\/2018\/02\/3-700x933.jpg 700w, http:\/\/pravoslavnebrno.cz\/wp-content\/uploads\/2018\/02\/3-225x300.jpg 225w, http:\/\/pravoslavnebrno.cz\/wp-content\/uploads\/2018\/02\/3-768x1024.jpg 768w, http:\/\/pravoslavnebrno.cz\/wp-content\/uploads\/2018\/02\/3-800x1067.jpg 800w, http:\/\/pravoslavnebrno.cz\/wp-content\/uploads\/2018\/02\/3.jpg 1536w\" sizes=\"auto, (max-width: 700px) 100vw, 700px\" \/><\/a>\r\n\t\t\t<\/div><\/figure><\/div>\n\n","protected":false},"excerpt":{"rendered":"<p>Ji\u017e ve \u010dtvrtek 18. ledna (5.1.), na sv\u00e1tek svat\u00e9ho mu\u010dedn\u00edka Theopempta, biskupa nikom\u00e9dsk\u00e9ho, a proroka Miche\u00e1\u0161e, se po skon\u010den\u00ed liturgie v na\u0161em chr\u00e1mu konalo prvn\u00ed sv\u011bcen\u00ed vody. V p\u0159edve\u010der sv\u00e1tku bylo nejprve slou\u017eeno Velk\u00e9 pove\u010de\u0159\u00ed s litij\u00ed. V samotn\u00fd den sv\u00e1tku byla slou\u017eena slavnostn\u00ed liturgie za p\u0159\u00edtomnosti po\u010detn\u00e9ho z\u00e1stupu v\u011b\u0159\u00edc\u00edch, kte\u0159\u00ed si tento ten vzali&#8230;<\/p>\n","protected":false},"author":1,"featured_media":0,"comment_status":"open","ping_status":"open","sticky":false,"template":"","format":"standard","meta":{"jetpack_post_was_ever_published":false,"_jetpack_newsletter_access":"","_jetpack_dont_email_post_to_subs":false,"_jetpack_newsletter_tier_id":0,"_jetpack_memberships_contains_paywalled_content":false,"_jetpack_memberships_contains_paid_content":false,"footnotes":"","jetpack_publicize_message":"","jetpack_publicize_feature_enabled":true,"jetpack_social_post_already_shared":false,"jetpack_social_options":{"image_generator_settings":{"template":"highway","default_image_id":0,"font":"","enabled":false},"version":2}},"categories":[],"tags":[],"class_list":["post-90","post","type-post","status-publish","format-standard","hentry"],"jetpack_publicize_connections":[],"jetpack_featured_media_url":"","jetpack_sharing_enabled":true,"jetpack_shortlink":"https:\/\/wp.me\/p9GyX2-1s","jetpack-related-posts":[],"_links":{"self":[{"href":"http:\/\/pravoslavnebrno.cz\/el\/wp-json\/wp\/v2\/posts\/90","targetHints":{"allow":["GET"]}}],"collection":[{"href":"http:\/\/pravoslavnebrno.cz\/el\/wp-json\/wp\/v2\/posts"}],"about":[{"href":"http:\/\/pravoslavnebrno.cz\/el\/wp-json\/wp\/v2\/types\/post"}],"author":[{"embeddable":true,"href":"http:\/\/pravoslavnebrno.cz\/el\/wp-json\/wp\/v2\/users\/1"}],"replies":[{"embeddable":true,"href":"http:\/\/pravoslavnebrno.cz\/el\/wp-json\/wp\/v2\/comments?post=90"}],"version-history":[{"count":3,"href":"http:\/\/pravoslavnebrno.cz\/el\/wp-json\/wp\/v2\/posts\/90\/revisions"}],"predecessor-version":[{"id":107,"href":"http:\/\/pravoslavnebrno.cz\/el\/wp-json\/wp\/v2\/posts\/90\/revisions\/107"}],"wp:attachment":[{"href":"http:\/\/pravoslavnebrno.cz\/el\/wp-json\/wp\/v2\/media?parent=90"}],"wp:term":[{"taxonomy":"category","embeddable":true,"href":"http:\/\/pravoslavnebrno.cz\/el\/wp-json\/wp\/v2\/categories?post=90"},{"taxonomy":"post_tag","embeddable":true,"href":"http:\/\/pravoslavnebrno.cz\/el\/wp-json\/wp\/v2\/tags?post=90"}],"curies":[{"name":"wp","href":"https:\/\/api.w.org\/{rel}","templated":true}]}}