{"id":5355,"date":"2019-12-24T01:15:24","date_gmt":"2019-12-24T00:15:24","guid":{"rendered":"http:\/\/pravoslavbrno.cz\/?p=5355"},"modified":"2019-12-23T07:32:26","modified_gmt":"2019-12-23T06:32:26","slug":"pouceni-svateho-otce-basila-velikeho-o-bohu-a-nasi-ctizadosti","status":"publish","type":"post","link":"http:\/\/pravoslavnebrno.cz\/el\/pouceni-svateho-otce-basila-velikeho-o-bohu-a-nasi-ctizadosti\/","title":{"rendered":"Pou\u010den\u00ed svat\u00e9ho otce Basila Velik\u00e9ho o Bohu a na\u0161\u00ed cti\u017e\u00e1dosti"},"content":{"rendered":"<h2 style=\"text-align: center;\"><strong>Skute\u010dn\u011b velk\u00fdm pozorovatelem je pouze B\u016fh<\/strong><\/h2>\n<p style=\"text-align: left;\"><a href=\"http:\/\/pravoslavbrno.cz\/wp-content\/uploads\/2019\/06\/Agios-Vasileios-04-1.jpg\"><img loading=\"lazy\" decoding=\"async\" class=\"size-full wp-image-5356 aligncenter\" src=\"http:\/\/pravoslavbrno.cz\/wp-content\/uploads\/2019\/06\/Agios-Vasileios-04-1.jpg\" alt=\"\" width=\"517\" height=\"600\" srcset=\"http:\/\/pravoslavnebrno.cz\/wp-content\/uploads\/2019\/06\/Agios-Vasileios-04-1.jpg 517w, http:\/\/pravoslavnebrno.cz\/wp-content\/uploads\/2019\/06\/Agios-Vasileios-04-1-259x300.jpg 259w\" sizes=\"auto, (max-width: 517px) 100vw, 517px\" \/><\/a>Skute\u010dn\u011b velk\u00fdm Pozorovatelem je pouze B\u016fh.<\/p>\n<p style=\"text-align: left;\">A proto k N\u011bmu nasm\u011bruj ve\u0161kerou svou cti\u017e\u00e1dost&#8230;<\/p>\n<p>Jeho mzdou je toti\u017e z\u00e1\u0159iv\u00e1 odm\u011bna.<\/p>\n<p>Nebo jsi z\u00edskal n\u011bjak\u00e9 d\u016fstojn\u00e9 postaven\u00ed a lid\u00e9 za tebou chod\u00ed a tleskaj\u00ed ti?<\/p>\n<p>Ty bu\u010f v\u0161ak roven s t\u011bmi, kter\u00fdm vel\u00ed\u0161, nebo\u0165, jak \u0159\u00edk\u00e1 Nov\u00fd z\u00e1kon, \u201enevl\u00e1dn\u011bte nad lidmi tak, jak to \u010din\u00ed vl\u00e1dci tohoto sv\u011bta\u201c&#8230;<\/p>\n<p>Nebo\u0165, kdo z\u00a0v\u00e1s chce b\u00fdt prvn\u00ed, a\u0165 se stane slu\u017eebn\u00edkem v\u0161ech, jak to ustanovil P\u00e1n. A nech\u0165 s\u00a0u\u0161lechtilost\u00ed n\u00e1sleduje pokoru, jako by byl do n\u00ed zamilov\u00e1n.<\/p>\n<p>\u201eZamiluj si j\u00ed a ona t\u011b oslav\u00ed.\u201c<\/p>\n<p>A t\u00edmto zp\u016fsobem nalezne\u0161 cestu ke skute\u010dn\u00e9 sl\u00e1v\u011b, kterou d\u00e1v\u00e1 jedin\u011b B\u016fh.<\/p>\n<p>A tak\u00e9 Kristus t\u011b sv\u00fdm and\u011bl\u016fm p\u0159edstav\u00ed jako sv\u00e9ho u\u010dedn\u00edka a d\u00e1 ti svou sl\u00e1vu, pokud Jej bude\u0161 napodobovat v Jeho poko\u0159e, jak s\u00e1m P\u00e1n prav\u00ed:<\/p>\n<p>\u201eVezm\u011bte jho m\u00e9 na se, a u\u010dte se ode mne, nebo\u0165 jsem tich\u00fd a pokorn\u00fd srdcem, a naleznete odpo\u010dinut\u00ed du\u0161em va\u0161im. Jho m\u00e9 zajist\u00e9 jesti\u0165 rozko\u0161n\u00e9, a b\u0159\u00edm\u011b m\u00e9 lehk\u00e9.\u201c (Mt 11,29)<\/p>\n<p><strong>Sv. Basil Velik\u00fd<\/strong><\/p>\n<p>(Archiv otce jerom. Daniela z Kefalonie)<\/p>\n","protected":false},"excerpt":{"rendered":"<p>Skute\u010dn\u011b velk\u00fdm pozorovatelem je pouze B\u016fh Skute\u010dn\u011b velk\u00fdm Pozorovatelem je pouze B\u016fh. A proto k N\u011bmu nasm\u011bruj ve\u0161kerou svou cti\u017e\u00e1dost&#8230; Jeho mzdou je toti\u017e z\u00e1\u0159iv\u00e1 odm\u011bna. Nebo jsi z\u00edskal n\u011bjak\u00e9 d\u016fstojn\u00e9 postaven\u00ed a lid\u00e9 za tebou chod\u00ed a tleskaj\u00ed ti? Ty bu\u010f v\u0161ak roven s t\u011bmi, kter\u00fdm vel\u00ed\u0161, nebo\u0165, jak \u0159\u00edk\u00e1 Nov\u00fd z\u00e1kon, \u201enevl\u00e1dn\u011bte nad&#8230;<\/p>\n","protected":false},"author":3,"featured_media":0,"comment_status":"open","ping_status":"open","sticky":false,"template":"","format":"standard","meta":{"jetpack_post_was_ever_published":false,"_jetpack_newsletter_access":"","_jetpack_dont_email_post_to_subs":false,"_jetpack_newsletter_tier_id":0,"_jetpack_memberships_contains_paywalled_content":false,"_jetpack_memberships_contains_paid_content":false,"footnotes":"","jetpack_publicize_message":"","jetpack_publicize_feature_enabled":true,"jetpack_social_post_already_shared":true,"jetpack_social_options":{"image_generator_settings":{"template":"highway","default_image_id":0,"font":"","enabled":false},"version":2}},"categories":[9],"tags":[],"class_list":["post-5355","post","type-post","status-publish","format-standard","hentry","category-pouceni-svatych-otcu"],"jetpack_publicize_connections":[],"jetpack_featured_media_url":"","jetpack_sharing_enabled":true,"jetpack_shortlink":"https:\/\/wp.me\/p9GyX2-1on","jetpack-related-posts":[],"_links":{"self":[{"href":"http:\/\/pravoslavnebrno.cz\/el\/wp-json\/wp\/v2\/posts\/5355","targetHints":{"allow":["GET"]}}],"collection":[{"href":"http:\/\/pravoslavnebrno.cz\/el\/wp-json\/wp\/v2\/posts"}],"about":[{"href":"http:\/\/pravoslavnebrno.cz\/el\/wp-json\/wp\/v2\/types\/post"}],"author":[{"embeddable":true,"href":"http:\/\/pravoslavnebrno.cz\/el\/wp-json\/wp\/v2\/users\/3"}],"replies":[{"embeddable":true,"href":"http:\/\/pravoslavnebrno.cz\/el\/wp-json\/wp\/v2\/comments?post=5355"}],"version-history":[{"count":4,"href":"http:\/\/pravoslavnebrno.cz\/el\/wp-json\/wp\/v2\/posts\/5355\/revisions"}],"predecessor-version":[{"id":6939,"href":"http:\/\/pravoslavnebrno.cz\/el\/wp-json\/wp\/v2\/posts\/5355\/revisions\/6939"}],"wp:attachment":[{"href":"http:\/\/pravoslavnebrno.cz\/el\/wp-json\/wp\/v2\/media?parent=5355"}],"wp:term":[{"taxonomy":"category","embeddable":true,"href":"http:\/\/pravoslavnebrno.cz\/el\/wp-json\/wp\/v2\/categories?post=5355"},{"taxonomy":"post_tag","embeddable":true,"href":"http:\/\/pravoslavnebrno.cz\/el\/wp-json\/wp\/v2\/tags?post=5355"}],"curies":[{"name":"wp","href":"https:\/\/api.w.org\/{rel}","templated":true}]}}