{"id":3808,"date":"2018-10-19T01:40:36","date_gmt":"2018-10-19T00:40:36","guid":{"rendered":"http:\/\/pravoslavbrno.cz\/?p=3808"},"modified":"2018-10-19T04:43:54","modified_gmt":"2018-10-19T03:43:54","slug":"nejprve-mysleme-na-hospodina-pote-na-druhe-a-az-teprve-nakonec-na-sebe","status":"publish","type":"post","link":"http:\/\/pravoslavnebrno.cz\/el\/nejprve-mysleme-na-hospodina-pote-na-druhe-a-az-teprve-nakonec-na-sebe\/","title":{"rendered":"Nejprve mysleme na Hospodina, pot\u00e9 na druh\u00e9 a a\u017e teprve nakonec na sebe!"},"content":{"rendered":"<h2 style=\"text-align: center;\"><strong>D\u00edt\u011b, nezapom\u00ednej, \u017ee jsi v\u017edy a\u017e \u201et\u0159et\u00ed\u201c<\/strong><\/h2>\n<p style=\"text-align: center;\"><a href=\"http:\/\/pravoslavbrno.cz\/wp-content\/uploads\/2018\/10\/1497739_379835585495004_1755427823_n.jpg\"><img loading=\"lazy\" decoding=\"async\" class=\"alignnone wp-image-3809\" src=\"http:\/\/pravoslavbrno.cz\/wp-content\/uploads\/2018\/10\/1497739_379835585495004_1755427823_n-198x300.jpg\" alt=\"\" width=\"416\" height=\"630\" srcset=\"http:\/\/pravoslavnebrno.cz\/wp-content\/uploads\/2018\/10\/1497739_379835585495004_1755427823_n-198x300.jpg 198w, http:\/\/pravoslavnebrno.cz\/wp-content\/uploads\/2018\/10\/1497739_379835585495004_1755427823_n.jpg 496w\" sizes=\"auto, (max-width: 416px) 100vw, 416px\" \/><\/a><\/p>\n<p>Jedna zbo\u017en\u00e1 matka doprov\u00e1zela sv\u00e9 d\u00edt\u011b k\u00a0p\u0159ij\u00edmac\u00edm zkou\u0161k\u00e1m na gymn\u00e1zium a p\u0159i rozlou\u010den\u00ed mu pravila:<\/p>\n<p>&#8211; Nezapom\u00ednej, m\u00e9 d\u00edt\u011b, \u017ee jsi v\u017edy a\u017e \u201et\u0159et\u00ed\u201c.<!--more--><\/p>\n<p>Tento chlapec, aby ka\u017edodenn\u011b pamatoval na slova sv\u00e9 matky a jej\u00ed radu, napsal si tato jej\u00ed slova (\u201eJsem t\u0159et\u00ed\u201c) na pap\u00edrovou desku a pov\u011bsil ji na ze\u010f ve sv\u00e9m pokoji.<\/p>\n<p>B\u011bhem n\u00e1sleduj\u00edc\u00edch let tento chlapec u\u010dinil velk\u00fd pokrok a dos\u00e1hl vynikaj\u00edc\u00edch v\u00fdsledk\u016f jako \u017e\u00e1k gymn\u00e1zia, a byl dokonce ocen\u011bn jako nejlep\u0161\u00ed gymnazista.<\/p>\n<p>Kdy\u017e ho pak ve\u010der nav\u0161t\u00edvil v\u00a0jeho pokoji jeden jeho p\u0159\u00edtel a kdy\u017e spat\u0159il slova napsan\u00e1 na n\u00e1st\u011bnce, zvolal:<\/p>\n<p>&#8211; V\u017edy\u0165 te\u010f u\u017e\u00a0jsi\u00a0kone\u010dn\u011b prvn\u00ed! U\u017e nejsi t\u0159et\u00ed, jak ti \u0159ekla tvoje matka&#8230; Odstra\u0148 ten n\u00e1pis, ten u\u017e p\u0159ece\u00a0neplat\u00ed.<\/p>\n<p>Tehdy se tento ocen\u011bn\u00fd \u017e\u00e1k zasm\u00e1l a pravil:<\/p>\n<p>&#8211; P\u0159\u00edteli, to, co je naps\u00e1no na t\u00e9 st\u011bn\u011b, m\u00e1 jin\u00fd smysl. Moje maminka t\u00edm m\u00ednila, \u017ee nejprve ze v\u0161eho m\u00e1m myslet na Boha, pot\u00e9 na bli\u017en\u00ed a kone\u010dn\u011b a\u017e jako t\u0159et\u00ed v\u00a0\u0159ad\u011b m\u00e1m b\u00fdt j\u00e1, tedy a\u017e pot\u00e9 myslet na sebe.<\/p>\n<p>Zdroj: Blog o. Georgia Konispoliatise, Kerkyra, \u0158ecko<\/p>\n<p><a href=\"https:\/\/proskynitis.blogspot.com\/2018\/10\/blog-post_15.html\">https:\/\/proskynitis.blogspot.com\/2018\/10\/blog-post_15.html<\/a><\/p>\n","protected":false},"excerpt":{"rendered":"<p>D\u00edt\u011b, nezapom\u00ednej, \u017ee jsi v\u017edy a\u017e \u201et\u0159et\u00ed\u201c Jedna zbo\u017en\u00e1 matka doprov\u00e1zela sv\u00e9 d\u00edt\u011b k\u00a0p\u0159ij\u00edmac\u00edm zkou\u0161k\u00e1m na gymn\u00e1zium a p\u0159i rozlou\u010den\u00ed mu pravila: &#8211; Nezapom\u00ednej, m\u00e9 d\u00edt\u011b, \u017ee jsi v\u017edy a\u017e \u201et\u0159et\u00ed\u201c.<\/p>\n","protected":false},"author":3,"featured_media":0,"comment_status":"open","ping_status":"open","sticky":false,"template":"","format":"standard","meta":{"jetpack_post_was_ever_published":false,"_jetpack_newsletter_access":"","_jetpack_dont_email_post_to_subs":false,"_jetpack_newsletter_tier_id":0,"_jetpack_memberships_contains_paywalled_content":false,"_jetpack_memberships_contains_paid_content":false,"footnotes":"","jetpack_publicize_message":"","jetpack_publicize_feature_enabled":true,"jetpack_social_post_already_shared":true,"jetpack_social_options":{"image_generator_settings":{"template":"highway","default_image_id":0,"font":"","enabled":false},"version":2}},"categories":[4],"tags":[],"class_list":["post-3808","post","type-post","status-publish","format-standard","hentry","category-pouceni"],"jetpack_publicize_connections":[],"jetpack_featured_media_url":"","jetpack_sharing_enabled":true,"jetpack_shortlink":"https:\/\/wp.me\/p9GyX2-Zq","jetpack-related-posts":[],"_links":{"self":[{"href":"http:\/\/pravoslavnebrno.cz\/el\/wp-json\/wp\/v2\/posts\/3808","targetHints":{"allow":["GET"]}}],"collection":[{"href":"http:\/\/pravoslavnebrno.cz\/el\/wp-json\/wp\/v2\/posts"}],"about":[{"href":"http:\/\/pravoslavnebrno.cz\/el\/wp-json\/wp\/v2\/types\/post"}],"author":[{"embeddable":true,"href":"http:\/\/pravoslavnebrno.cz\/el\/wp-json\/wp\/v2\/users\/3"}],"replies":[{"embeddable":true,"href":"http:\/\/pravoslavnebrno.cz\/el\/wp-json\/wp\/v2\/comments?post=3808"}],"version-history":[{"count":5,"href":"http:\/\/pravoslavnebrno.cz\/el\/wp-json\/wp\/v2\/posts\/3808\/revisions"}],"predecessor-version":[{"id":3871,"href":"http:\/\/pravoslavnebrno.cz\/el\/wp-json\/wp\/v2\/posts\/3808\/revisions\/3871"}],"wp:attachment":[{"href":"http:\/\/pravoslavnebrno.cz\/el\/wp-json\/wp\/v2\/media?parent=3808"}],"wp:term":[{"taxonomy":"category","embeddable":true,"href":"http:\/\/pravoslavnebrno.cz\/el\/wp-json\/wp\/v2\/categories?post=3808"},{"taxonomy":"post_tag","embeddable":true,"href":"http:\/\/pravoslavnebrno.cz\/el\/wp-json\/wp\/v2\/tags?post=3808"}],"curies":[{"name":"wp","href":"https:\/\/api.w.org\/{rel}","templated":true}]}}