{"id":2519,"date":"2018-07-17T01:04:05","date_gmt":"2018-07-17T00:04:05","guid":{"rendered":"http:\/\/pravoslavbrno.cz\/?p=2519"},"modified":"2018-07-02T14:05:31","modified_gmt":"2018-07-02T13:05:31","slug":"jelikoz-nepraktikujeme-askezi","status":"publish","type":"post","link":"http:\/\/pravoslavnebrno.cz\/el\/jelikoz-nepraktikujeme-askezi\/","title":{"rendered":"Jeliko\u017e nepraktikujeme askezi&#8230;"},"content":{"rendered":"<h2 style=\"text-align: center;\"><strong>Starec Efrem Filothejsk\u00fd-Arizonsk\u00fd<\/strong><\/h2>\n<p style=\"text-align: center;\"><a href=\"http:\/\/pravoslavbrno.cz\/wp-content\/uploads\/2018\/07\/elder-ephraim-of-arizona.jpg\"><img loading=\"lazy\" decoding=\"async\" class=\"alignnone wp-image-2484\" src=\"http:\/\/pravoslavbrno.cz\/wp-content\/uploads\/2018\/07\/elder-ephraim-of-arizona-300x219.jpg\" alt=\"\" width=\"533\" height=\"389\" srcset=\"http:\/\/pravoslavnebrno.cz\/wp-content\/uploads\/2018\/07\/elder-ephraim-of-arizona-300x219.jpg 300w, http:\/\/pravoslavnebrno.cz\/wp-content\/uploads\/2018\/07\/elder-ephraim-of-arizona.jpg 700w\" sizes=\"auto, (max-width: 533px) 100vw, 533px\" \/><\/a><\/p>\n<h3 style=\"text-align: center;\"><strong>Jeliko\u017e nepraktikujeme askezi&#8230;<\/strong><\/h3>\n<p>P\u00e1n n\u00e1s u\u010d\u00ed, abychom z\u00edskali v\u011b\u010dnou \u201eodm\u011bnu\u201c.<\/p>\n<p>Jeliko\u017e ale nepraktikujeme askezi, P\u00e1n n\u00e1m ses\u00edl\u00e1 nemoci a z\u00e1rmutky, abychom m\u011bli alespo\u0148 n\u011bjakou \u00fat\u011bchu, a\u017e p\u0159ed n\u00edm staneme a budeme souzeni.<\/p>\n<p><strong>Zdroj:<\/strong> Pemptousia.gr<\/p>\n","protected":false},"excerpt":{"rendered":"<p>Starec Efrem Filothejsk\u00fd-Arizonsk\u00fd Jeliko\u017e nepraktikujeme askezi&#8230; P\u00e1n n\u00e1s u\u010d\u00ed, abychom z\u00edskali v\u011b\u010dnou \u201eodm\u011bnu\u201c. Jeliko\u017e ale nepraktikujeme askezi, P\u00e1n n\u00e1m ses\u00edl\u00e1 nemoci a z\u00e1rmutky, abychom m\u011bli alespo\u0148 n\u011bjakou \u00fat\u011bchu, a\u017e p\u0159ed n\u00edm staneme a budeme souzeni. Zdroj: Pemptousia.gr<\/p>\n","protected":false},"author":3,"featured_media":0,"comment_status":"open","ping_status":"open","sticky":false,"template":"","format":"standard","meta":{"jetpack_post_was_ever_published":false,"_jetpack_newsletter_access":"","_jetpack_dont_email_post_to_subs":false,"_jetpack_newsletter_tier_id":0,"_jetpack_memberships_contains_paywalled_content":false,"_jetpack_memberships_contains_paid_content":false,"footnotes":"","jetpack_publicize_message":"","jetpack_publicize_feature_enabled":true,"jetpack_social_post_already_shared":true,"jetpack_social_options":{"image_generator_settings":{"template":"highway","default_image_id":0,"font":"","enabled":false},"version":2}},"categories":[10,4],"tags":[],"class_list":["post-2519","post","type-post","status-publish","format-standard","hentry","category-pouceni-z-pateriku","category-pouceni"],"jetpack_publicize_connections":[],"jetpack_featured_media_url":"","jetpack_sharing_enabled":true,"jetpack_shortlink":"https:\/\/wp.me\/p9GyX2-ED","jetpack-related-posts":[],"_links":{"self":[{"href":"http:\/\/pravoslavnebrno.cz\/el\/wp-json\/wp\/v2\/posts\/2519","targetHints":{"allow":["GET"]}}],"collection":[{"href":"http:\/\/pravoslavnebrno.cz\/el\/wp-json\/wp\/v2\/posts"}],"about":[{"href":"http:\/\/pravoslavnebrno.cz\/el\/wp-json\/wp\/v2\/types\/post"}],"author":[{"embeddable":true,"href":"http:\/\/pravoslavnebrno.cz\/el\/wp-json\/wp\/v2\/users\/3"}],"replies":[{"embeddable":true,"href":"http:\/\/pravoslavnebrno.cz\/el\/wp-json\/wp\/v2\/comments?post=2519"}],"version-history":[{"count":2,"href":"http:\/\/pravoslavnebrno.cz\/el\/wp-json\/wp\/v2\/posts\/2519\/revisions"}],"predecessor-version":[{"id":2521,"href":"http:\/\/pravoslavnebrno.cz\/el\/wp-json\/wp\/v2\/posts\/2519\/revisions\/2521"}],"wp:attachment":[{"href":"http:\/\/pravoslavnebrno.cz\/el\/wp-json\/wp\/v2\/media?parent=2519"}],"wp:term":[{"taxonomy":"category","embeddable":true,"href":"http:\/\/pravoslavnebrno.cz\/el\/wp-json\/wp\/v2\/categories?post=2519"},{"taxonomy":"post_tag","embeddable":true,"href":"http:\/\/pravoslavnebrno.cz\/el\/wp-json\/wp\/v2\/tags?post=2519"}],"curies":[{"name":"wp","href":"https:\/\/api.w.org\/{rel}","templated":true}]}}