{"id":194,"date":"2018-02-18T17:17:29","date_gmt":"2018-02-18T16:17:29","guid":{"rendered":"http:\/\/pravoslavbrno.cz\/?p=194"},"modified":"2018-02-19T06:16:06","modified_gmt":"2018-02-19T05:16:06","slug":"pozdrav-duchovniho-spravce-pri-prilezitost-zacatku-velkeho-postu","status":"publish","type":"post","link":"http:\/\/pravoslavnebrno.cz\/el\/pozdrav-duchovniho-spravce-pri-prilezitost-zacatku-velkeho-postu\/","title":{"rendered":"Pozdrav duchovn\u00edho spr\u00e1vce p\u0159i p\u0159\u00edle\u017eitosti za\u010d\u00e1tku Velk\u00e9ho postu"},"content":{"rendered":"<p><strong>Milovan\u00e9 duchovn\u00ed d\u011bti,<\/strong><\/p>\n<p><strong>draz\u00ed v\u011b\u0159\u00edc\u00ed,<\/strong><\/p>\n<p>nade\u0161el \u010das, kdy spole\u010dn\u011b vkro\u010d\u00edme na cestu <em>Velk\u00e9ho postn\u00edho obdob\u00ed<\/em>, jeho\u017e smysl je p\u0159ev\u00e9st n\u00e1s p\u0159es <em>rozbou\u0159en\u00e9 mo\u0159e tohoto \u017eivota<\/em> a dov\u00e9st n\u00e1s a\u017e k\u00a0<em>tich\u00e9mu p\u0159\u00edstavu<\/em>, kter\u00fdm je v\u00a0t\u00e9to duchovn\u00ed perspektiv\u011b sv\u00e1tek svat\u00e9 Paschy \u2013 <em>Sv\u011btl\u00e9 Vzk\u0159\u00ed\u0161en\u00ed Kristovo<\/em>.<\/p>\n<p>Odlo\u017eme v\u0161e, co n\u00e1m br\u00e1n\u00ed v\u00a0na\u0161em duchovn\u00edm sna\u017een\u00ed a vstupme do \u201ear\u00e9ny ctnost\u00ed\u201c, jak Svatou \u010dty\u0159ic\u00e1tnici (Velk\u00fd p\u016fst) naz\u00fdvaj\u00ed svat\u00ed Otcov\u00e9, od\u011bni do <em>Bo\u017e\u00ed zbroje<\/em>, kterou je \u201ep\u0159ep\u00e1s\u00e1n\u00ed pravdou\u201c, \u201epanc\u00ed\u0159 spravedlnosti\u201c, \u201enohy obut\u00e9 p\u0159ipravenost\u00ed k\u00e1zat evangelium pokoje\u201c, \u201e\u0161t\u00edt v\u00edry\u201c a kone\u010dn\u011b tak\u00e9 \u201ep\u0159ilba spasen\u00ed\u201c a \u201educhovn\u00ed me\u010d\u201c, j\u00edm\u017e je Bo\u017e\u00ed slovo&#8230; Toho v\u0161eho se pevn\u011b dr\u017eme.<\/p>\n<p>Svat\u00fd apo\u0161tol Pavel n\u00e1s nab\u00e1d\u00e1, abychom se neust\u00e1le \u201emodlili v\u00a0Duchu\u201c, a tak vytrvali v\u00a0bd\u011bn\u00ed a prosb\u00e1ch \u201eza v\u0161echny svat\u00e9\u201c (Ef 6,11-18), tj. za v\u0161echny na\u0161e spolubratry v Kristu, kte\u0159\u00ed cht\u011bj\u00ed sv\u016fj \u017eivot posv\u011btit P\u00e1nu. V\u017edy\u0165 hlavn\u00edm smyslem na\u0161eho z\u00e1pasu je zachovat v\u00edru, \u201ejednou prov\u017edy p\u0159edanou (pr\u00e1v\u011b) svat\u00fdm\u201c (Juda 1,3), jak dod\u00e1v\u00e1 sv. apo\u0161tol Juda.<\/p>\n<p style=\"text-align: center;\"><a href=\"http:\/\/pravoslavbrno.cz\/wp-content\/uploads\/2018\/02\/AYTAS2.jpg\"><img loading=\"lazy\" decoding=\"async\" class=\"alignnone wp-image-196\" src=\"http:\/\/pravoslavbrno.cz\/wp-content\/uploads\/2018\/02\/AYTAS2-214x300.jpg\" alt=\"\" width=\"374\" height=\"524\" srcset=\"http:\/\/pravoslavnebrno.cz\/wp-content\/uploads\/2018\/02\/AYTAS2-214x300.jpg 214w, http:\/\/pravoslavnebrno.cz\/wp-content\/uploads\/2018\/02\/AYTAS2.jpg 608w\" sizes=\"auto, (max-width: 374px) 100vw, 374px\" \/><\/a><\/p>\n<p>P\u0159ejeme V\u00e1m v\u0161em, abyste dle sv\u00fdch sil zachovali postn\u00ed pravidla Velk\u00e9ho postu a \u010dinili skutky milosrdenstv\u00ed, nebo\u0165 takov\u00e9 u\u010dedn\u00edky n\u00e1\u0161 P\u00e1n chv\u00e1l\u00ed a slibuje jim sv\u00e9 vlastn\u00ed milosrdenstv\u00ed: \u201eBlahoslaven\u00ed milosrdn\u00ed, nebo\u0165 oni milosrdenstv\u00ed dojdou.\u201c (Mt. 5,8)<\/p>\n<p>V prav\u00e9 Kristov\u011b l\u00e1sce a s modlitbou Va\u0161i<\/p>\n<p style=\"text-align: right;\">Otcov\u00e9 Jozef a Marek<\/p>\n","protected":false},"excerpt":{"rendered":"<p>Milovan\u00e9 duchovn\u00ed d\u011bti, draz\u00ed v\u011b\u0159\u00edc\u00ed, nade\u0161el \u010das, kdy spole\u010dn\u011b vkro\u010d\u00edme na cestu Velk\u00e9ho postn\u00edho obdob\u00ed, jeho\u017e smysl je p\u0159ev\u00e9st n\u00e1s p\u0159es rozbou\u0159en\u00e9 mo\u0159e tohoto \u017eivota a dov\u00e9st n\u00e1s a\u017e k\u00a0tich\u00e9mu p\u0159\u00edstavu, kter\u00fdm je v\u00a0t\u00e9to duchovn\u00ed perspektiv\u011b sv\u00e1tek svat\u00e9 Paschy \u2013 Sv\u011btl\u00e9 Vzk\u0159\u00ed\u0161en\u00ed Kristovo. Odlo\u017eme v\u0161e, co n\u00e1m br\u00e1n\u00ed v\u00a0na\u0161em duchovn\u00edm sna\u017een\u00ed a vstupme do \u201ear\u00e9ny&#8230;<\/p>\n","protected":false},"author":3,"featured_media":0,"comment_status":"open","ping_status":"open","sticky":false,"template":"","format":"standard","meta":{"jetpack_post_was_ever_published":false,"_jetpack_newsletter_access":"","_jetpack_dont_email_post_to_subs":false,"_jetpack_newsletter_tier_id":0,"_jetpack_memberships_contains_paywalled_content":false,"_jetpack_memberships_contains_paid_content":false,"footnotes":"","jetpack_publicize_message":"","jetpack_publicize_feature_enabled":true,"jetpack_social_post_already_shared":false,"jetpack_social_options":{"image_generator_settings":{"template":"highway","default_image_id":0,"font":"","enabled":false},"version":2}},"categories":[11],"tags":[],"class_list":["post-194","post","type-post","status-publish","format-standard","hentry","category-homilie"],"jetpack_publicize_connections":[],"jetpack_featured_media_url":"","jetpack_sharing_enabled":true,"jetpack_shortlink":"https:\/\/wp.me\/p9GyX2-38","jetpack-related-posts":[],"_links":{"self":[{"href":"http:\/\/pravoslavnebrno.cz\/el\/wp-json\/wp\/v2\/posts\/194","targetHints":{"allow":["GET"]}}],"collection":[{"href":"http:\/\/pravoslavnebrno.cz\/el\/wp-json\/wp\/v2\/posts"}],"about":[{"href":"http:\/\/pravoslavnebrno.cz\/el\/wp-json\/wp\/v2\/types\/post"}],"author":[{"embeddable":true,"href":"http:\/\/pravoslavnebrno.cz\/el\/wp-json\/wp\/v2\/users\/3"}],"replies":[{"embeddable":true,"href":"http:\/\/pravoslavnebrno.cz\/el\/wp-json\/wp\/v2\/comments?post=194"}],"version-history":[{"count":6,"href":"http:\/\/pravoslavnebrno.cz\/el\/wp-json\/wp\/v2\/posts\/194\/revisions"}],"predecessor-version":[{"id":216,"href":"http:\/\/pravoslavnebrno.cz\/el\/wp-json\/wp\/v2\/posts\/194\/revisions\/216"}],"wp:attachment":[{"href":"http:\/\/pravoslavnebrno.cz\/el\/wp-json\/wp\/v2\/media?parent=194"}],"wp:term":[{"taxonomy":"category","embeddable":true,"href":"http:\/\/pravoslavnebrno.cz\/el\/wp-json\/wp\/v2\/categories?post=194"},{"taxonomy":"post_tag","embeddable":true,"href":"http:\/\/pravoslavnebrno.cz\/el\/wp-json\/wp\/v2\/tags?post=194"}],"curies":[{"name":"wp","href":"https:\/\/api.w.org\/{rel}","templated":true}]}}